{"id":40035,"date":"2024-11-13T00:03:00","date_gmt":"2024-11-13T03:03:00","guid":{"rendered":"https:\/\/noticiasdestaque.com.br\/index.php\/2024\/11\/13\/poliomielite-vacina-oral-contra-doenca-e-substituida-por-injetavel-no-brasil\/"},"modified":"2024-11-13T00:03:00","modified_gmt":"2024-11-13T03:03:00","slug":"poliomielite-vacina-oral-contra-doenca-e-substituida-por-injetavel-no-brasil","status":"publish","type":"post","link":"https:\/\/noticiasdestaque.com.br\/index.php\/2024\/11\/13\/poliomielite-vacina-oral-contra-doenca-e-substituida-por-injetavel-no-brasil\/","title":{"rendered":"Poliomielite: vacina oral contra doen\u00e7a \u00e9 substitu\u00edda por injet\u00e1vel no Brasil"},"content":{"rendered":"<p>\t\t\t\t\t\t\t\t\t\t<audio controls class=\"b61_audio_player\" data-noticia=\"78500\" src=\"https:\/\/brasil61.com\/rails\/active_storage\/blobs\/eyJfcmFpbHMiOnsibWVzc2FnZSI6IkJBaHBBNWdSQXc9PSIsImV4cCI6bnVsbCwicHVyIjoiYmxvYl9pZCJ9fQ==--efa1d6442c3894882e3f148703bfd7f3b45853db\/BRAS2412997A\"><\/audio><\/p>\n<p>O esquema vacinal para os pequenos contra poliomielite no Brasil passou a ser \u00a0composto, de forma exclusiva, apenas por uma dose de vacina inativada poliomielite (VIP). Ou seja, n\u00e3o ser\u00e3o mais aplicadas as famosas \u201cgotinhas\u201d em duas doses de refor\u00e7o. Segundo o Minist\u00e9rio da Sa\u00fade (MS), a dose aplicada agora \u00e9 <a href=\"https:\/\/www.gov.br\/saude\/pt-br\/assuntos\/noticias\/2024\/setembro\/vacina-oral-da-poliomielite-sera-substituida-por-dose-ainda-mais-segura-e-eficiente\" target=\"_blank\">ainda mais segura e eficiente<\/a>.<\/p>\n<p>A decis\u00e3o da \u00a0pasta da Sa\u00fade em substituir a forma de imuniza\u00e7\u00e3o levou em conta novas evid\u00eancias cient\u00edficas para prote\u00e7\u00e3o contra a p\u00f3lio, e \u00e9 baseada em crit\u00e9rios epidemiol\u00f3gicos e recomenda\u00e7\u00f5es internacionais.<\/p>\n<p>Segundo o MS, com o avan\u00e7o tecnol\u00f3gico, ser\u00e1 poss\u00edvel garantir maior efic\u00e1cia do esquema vacinal. A mudan\u00e7a come\u00e7ou a valer no \u00faltimo dia 4.<\/p>\n<p>O esquema vacinal anterior consistia na administra\u00e7\u00e3o de tr\u00eas doses da VIP aos 2, 4 e 6 meses e duas doses de refor\u00e7o da VOP, a \u2018gotinha\u2019, aos 15 meses e aos 4 anos de idade. Agora, ser\u00e1 necess\u00e1ria s\u00f3 uma dose de refor\u00e7o com VIP, que deve ser aplicada aos 15 meses.<\/p>\n<p>Confira como o esquema vacinal passa a ser:\u00a0<\/p>\n<ul>\n<li>2 meses \u2013 1\u00aa dose;<\/li>\n<li>4 meses \u2013 2\u00aa dose;<\/li>\n<li>6 meses \u2013 3\u00aa dose;<\/li>\n<li>15 meses \u2013 dose de refor\u00e7o.\u00a0<\/li>\n<\/ul>\n<p>Segundo o diretor do Departamento do Programa Nacional de Imuniza\u00e7\u00f5es (DPNI) do Minist\u00e9rio da Sa\u00fade, Eder Gatti, a mudan\u00e7a \u00e9 relevante e pode ser observada no mundo inteiro. Inclusive, os Estados Unidos e na\u00e7\u00f5es europeias j\u00e1 utilizam esquemas vacinais exclusivos com a VIP.\u00a0<\/p>\n<h2>Cen\u00e1rio nacional<\/h2>\n<p>O Brasil ter erradicou o poliov\u00edrus selvagem do territ\u00f3rio nacional em 1989, o que foi resultado da intensifica\u00e7\u00e3o da vacina\u00e7\u00e3o no pa\u00eds. Por\u00e9m, o v\u00edrus ainda circula em outros pa\u00edses. Por isso, Eder Gatti, alerta tanto os profissionais de sa\u00fade quanto os pais ou respons\u00e1veis sobre a import\u00e2ncia de imunizar as crian\u00e7as.<\/p>\n<p>&#8220;A poliomielite \u00e9 uma doen\u00e7a que, por muitas d\u00e9cadas, causou paralisia e morte em muitas crian\u00e7as. S\u00f3 que essa doen\u00e7a n\u00e3o faz mais parte do nosso cen\u00e1rio epidemiol\u00f3gico gra\u00e7as \u00e0 vacina\u00e7\u00e3o e o Brasil, desde 1989, n\u00e3o registra nenhum caso. Embora tenhamos eliminado a doen\u00e7a, ela ainda existe no mundo e pode ser reintroduzida no nosso pa\u00eds. Por isso, \u00e9 muito importante que os pais levem seus filhos menores de cinco anos para checar a caderneta e atualizar a situa\u00e7\u00e3o vacinal se necess\u00e1rio&#8221;, ressalta Gatti.<\/p>\n<p>Segundo dados do MS, a popula\u00e7\u00e3o alvo na campanha contra p\u00f3lio no pa\u00eds, que re\u00fane beb\u00eas de 1 ano a crian\u00e7as de 4 anos, soma mais de 10,5 milh\u00f5es. J\u00e1 as doses aplicadas totalizaram 3.789.258 at\u00e9 a \u00faltima atualiza\u00e7\u00e3o do <a href=\"https:\/\/infoms.saude.gov.br\/extensions\/SEIDIGI_DEMAS_POLIOMIELITE_2024\/SEIDIGI_DEMAS_POLIOMIELITE_2024.html\" target=\"_blank\">painel do MS<\/a> datada em 10\/09\/2024, com dados contidos na Rede Nacional de Dados em Sa\u00fade (RNDS) at\u00e9 o dia 30\/06\/2024. A cobertura vacinal correspondia a 35,53% das crian\u00e7as.<\/p>\n<p>Hoje, existem cerca de 38 mil salas de vacina\u00e7\u00e3o nas Unidades B\u00e1sicas de Sa\u00fade (UBSs) em todo o pa\u00eds. A meta do Minist\u00e9rio da Sa\u00fade \u00e9 que a cobertura vacinal alcance 95% at\u00e9 o fim de 2024.\u00a0<\/p>\n<p><a href=\"https:\/\/brasil61.com\/n\/poliomielite-entenda-por-que-a-oms-recomenda-95-de-cobertura-vacinal-poli240036\" target=\"_blank\">POLIOMIELITE: entenda por que a OMS recomenda 95% de cobertura vacinal<\/a><br \/>\n\u00a0<\/p>\n<p>\t\t\t\t\t\t\t\t\t<img loading=\"lazy\" decoding=\"async\" src=\"https:\/\/brasil61.com\/api\/v1\/serve_pixel\/17677\/78500\" alt=\"Pixel Brasil 61\" class=\"b61_pixel\" width=\"0\" height=\"0\"><\/p>\n<input type=\"hidden\" id=\"baseurl\" value=\"https:\/\/noticiasdestaque.com.br\"><input type=\"hidden\" id=\"audio_nonce\" value=\"6f73a554f1\">","protected":false},"excerpt":{"rendered":"<p>Desde o dia 4 de novembro, o esquema vacinal contra poliomielite passou a ser composto apenas por uma dose de vacina inativada poliomielite (VIP). A mudan\u00e7a, segundo o MS, \u00e9 baseada em evid\u00eancias cient\u00edficas e a dose \u00e9 mais segura e eficiente<\/p>\n","protected":false},"author":1,"featured_media":40036,"comment_status":"open","ping_status":"open","sticky":false,"template":"","format":"standard","meta":{"fifu_image_url":"","fifu_image_alt":"","footnotes":""},"categories":[51],"tags":[],"class_list":["post-40035","post","type-post","status-publish","format-standard","has-post-thumbnail","hentry","category-saude"],"distributor_meta":false,"distributor_terms":false,"distributor_media":false,"distributor_original_site_name":"Noticias em Destaque","distributor_original_site_url":"https:\/\/noticiasdestaque.com.br","push-errors":false,"_links":{"self":[{"href":"https:\/\/noticiasdestaque.com.br\/index.php\/wp-json\/wp\/v2\/posts\/40035","targetHints":{"allow":["GET"]}}],"collection":[{"href":"https:\/\/noticiasdestaque.com.br\/index.php\/wp-json\/wp\/v2\/posts"}],"about":[{"href":"https:\/\/noticiasdestaque.com.br\/index.php\/wp-json\/wp\/v2\/types\/post"}],"author":[{"embeddable":true,"href":"https:\/\/noticiasdestaque.com.br\/index.php\/wp-json\/wp\/v2\/users\/1"}],"replies":[{"embeddable":true,"href":"https:\/\/noticiasdestaque.com.br\/index.php\/wp-json\/wp\/v2\/comments?post=40035"}],"version-history":[{"count":0,"href":"https:\/\/noticiasdestaque.com.br\/index.php\/wp-json\/wp\/v2\/posts\/40035\/revisions"}],"wp:featuredmedia":[{"embeddable":true,"href":"https:\/\/noticiasdestaque.com.br\/index.php\/wp-json\/wp\/v2\/media\/40036"}],"wp:attachment":[{"href":"https:\/\/noticiasdestaque.com.br\/index.php\/wp-json\/wp\/v2\/media?parent=40035"}],"wp:term":[{"taxonomy":"category","embeddable":true,"href":"https:\/\/noticiasdestaque.com.br\/index.php\/wp-json\/wp\/v2\/categories?post=40035"},{"taxonomy":"post_tag","embeddable":true,"href":"https:\/\/noticiasdestaque.com.br\/index.php\/wp-json\/wp\/v2\/tags?post=40035"}],"curies":[{"name":"wp","href":"https:\/\/api.w.org\/{rel}","templated":true}]}}