{"id":40033,"date":"2024-11-26T04:14:00","date_gmt":"2024-11-26T07:14:00","guid":{"rendered":"https:\/\/noticiasdestaque.com.br\/index.php\/2024\/11\/26\/amabio-basa-atua-em-programa-que-deve-mobilizar-1-bi-de-euros-em-investimentos-na-amazonia\/"},"modified":"2024-11-26T04:14:00","modified_gmt":"2024-11-26T07:14:00","slug":"amabio-basa-atua-em-programa-que-deve-mobilizar-1-bi-de-euros-em-investimentos-na-amazonia","status":"publish","type":"post","link":"https:\/\/noticiasdestaque.com.br\/index.php\/2024\/11\/26\/amabio-basa-atua-em-programa-que-deve-mobilizar-1-bi-de-euros-em-investimentos-na-amazonia\/","title":{"rendered":"AMABIO: BASA atua em programa que deve mobilizar 1 bi de euros em investimentos na Amaz\u00f4nia"},"content":{"rendered":"<p>\t\t\t\t\t\t\t\t\t\t<audio controls class=\"b61_audio_player\" data-noticia=\"78679\" src=\"https:\/\/brasil61.com\/rails\/active_storage\/blobs\/eyJfcmFpbHMiOnsibWVzc2FnZSI6IkJBaHBBME1VQXc9PSIsImV4cCI6bnVsbCwicHVyIjoiYmxvYl9pZCJ9fQ==--a18af3440349bd3d682e9260b1725b7824abc0da\/BASA240024B\"><\/audio><\/p>\n<p>Brasil e Fran\u00e7a lan\u00e7aram um programa que deve mobilizar, nos pr\u00f3ximos quatro anos, 1 bilh\u00e3o de euros em investimentos para promover o desenvolvimento sustent\u00e1vel na Amaz\u00f4nia. Denominada <a href=\"https:\/\/www.afd.fr\/pt\/actualites\/communique-de-presse\/brasil-e-franca-unem-forcas-para-impulsionar-bioeconomia-na-amazonia\">AMABIO<\/a>, a iniciativa tem como objetivo contribuir para o desenvolvimento da bioeconomia na regi\u00e3o, com apoio \u00e0 popula\u00e7\u00e3o que vive nessa \u00e1rea e \u00e0 biodiversidade.<\/p>\n<p>Para que as medidas sejam, de fato, implementadas, o programa conta com parceria de institui\u00e7\u00f5es financeiras que atuam na regi\u00e3o, como \u00e9 o caso do <a href=\"https:\/\/www.bancoamazonia.com.br\/\">Banco da Amaz\u00f4nia (BASA)<\/a>. No \u00faltimo dia 6 de novembro a institui\u00e7\u00e3o assinou, juntamente com a <a href=\"https:\/\/www.afd.fr\/pt\/page-region-pays\/brasil\">Ag\u00eancia francesa de desenvolvimento (AFD)<\/a>, um empr\u00e9stimo de 80 milh\u00f5es de euros.\u00a0<\/p>\n<p>Segundo o presidente do BASA, Luiz Lessa, a assinatura desse contrato de capta\u00e7\u00e3o representa um marco para o Banco da Amaz\u00f4nia, assim como para toda a regi\u00e3o. Na avalia\u00e7\u00e3o dele, os recursos v\u00e3o permitir a intensifica\u00e7\u00e3o dos \u201cinvestimentos em opera\u00e7\u00f5es voltadas para a economia verde, beneficiando diretamente o desenvolvimento sustent\u00e1vel da Amaz\u00f4nia.\u201d\u00a0<\/p>\n<p>Lessa tamb\u00e9m destaca que trata-se de uma oportunidade estrat\u00e9gica que contribuiu para a amplia\u00e7\u00e3o de um \u201cimpacto positivo, especialmente nas \u00e1reas de preserva\u00e7\u00e3o ambiental, inclus\u00e3o social e incentivo a pr\u00e1ticas sustent\u00e1veis.\u201d\u00a0<\/p>\n<p>O BASA atende hoje a mais de 690 mil clientes, por meio de 121 ag\u00eancias em funcionamento em todos os estados da Amaz\u00f4nia Legal e em seus canais digitais. Atualmente, \u00e9 o principal banco executor de pol\u00edticas p\u00fablicas na Amaz\u00f4nia, por meio do Fundo Constitucional do Norte, fomentando iniciativas que respeitam e valorizam as particularidades da regi\u00e3o.\u00a0<\/p>\n<h2>Programa AMABIO: objetivos<\/h2>\n<p>\u25cf\u00a0\u00a0 \u00a0Apoiar os bancos p\u00fablicos que operam nos pa\u00edses amaz\u00f4nicos na formula\u00e7\u00e3o de ofertas de financiamento em prol da bioeconomia e em harmonia com a biodiversidade.<\/p>\n<p>\u25cf\u00a0\u00a0 \u00a0Desenvolver pr\u00e1ticas inovadoras de financiamento sustent\u00e1vel voltadas para biomas vulner\u00e1veis (Amaz\u00f4nia, Cerrado, etc.), promovendo a mobiliza\u00e7\u00e3o do setor privado.<br \/>\n\u25cf\u00a0\u00a0 \u00a0Apoiar as partes locais interessadas (produtores, empresas, pesquisadores, comunidades, etc.) na cria\u00e7\u00e3o e desenvolvimento de iniciativas voltadas para a bioeconomia e o manejo sustent\u00e1vel dos recursos naturais.<\/p>\n<p>A bioeconomia faz a utiliza\u00e7\u00e3o de recursos naturais renov\u00e1veis para a produ\u00e7\u00e3o de bens e servi\u00e7os. O modelo corresponde a uma alternativa ao modelo econ\u00f4mico tradicional. Por meio dessa abordagem, tanto o Brasil quanto a Fran\u00e7a assumem o compromisso de proteger a biodiversidade, gerar empregos e renda para as fam\u00edlias que vivem nesses locais e alcan\u00e7ar as metas clim\u00e1ticas globais.<\/p>\n<h2>Programa AMABIO: o que \u00e9\u00a0<\/h2>\n<p>O programa AMABIO foi implementado pelo Grupo AFD. A iniciativa est\u00e1 alinhada com a agenda de coopera\u00e7\u00e3o bilateral estabelecida durante a visita do presidente da Fran\u00e7a Emmanuel Macron ao Brasil, em mar\u00e7o de 2024, e \u00e9 lan\u00e7ada um ano antes da 30\u00aa Confer\u00eancia das Na\u00e7\u00f5es Unidas sobre Mudan\u00e7as Clim\u00e1ticas (COP 30), que ser\u00e1 realizada em Bel\u00e9m (PA).\u00a0<\/p>\n<p>O AMABIO tamb\u00e9m contar\u00e1 com a implementa\u00e7\u00e3o de um programa de coopera\u00e7\u00e3o t\u00e9cnica de 10 milh\u00f5es de euros. O intuito \u00e9 fomentar a inova\u00e7\u00e3o e a sustentabilidade na regi\u00e3o. Trata-se de uma iniciativa da Expertise France \u2013 uma ag\u00eancia p\u00fablica que atua em coopera\u00e7\u00e3o t\u00e9cnica internacional.<\/p>\n<p>\t\t\t\t\t\t\t\t\t<img loading=\"lazy\" decoding=\"async\" src=\"https:\/\/brasil61.com\/api\/v1\/serve_pixel\/17677\/78679\" alt=\"Pixel Brasil 61\" class=\"b61_pixel\" width=\"0\" height=\"0\"><\/p>\n<input type=\"hidden\" id=\"baseurl\" value=\"https:\/\/noticiasdestaque.com.br\"><input type=\"hidden\" id=\"audio_nonce\" value=\"6f73a554f1\">","protected":false},"excerpt":{"rendered":"<p>No \u00faltimo dia 6, a institui\u00e7\u00e3o assinou um empr\u00e9stimo de 80 milh\u00f5es de euros, juntamente com a Ag\u00eancia francesa de desenvolvimento<\/p>\n","protected":false},"author":1,"featured_media":40034,"comment_status":"open","ping_status":"open","sticky":false,"template":"","format":"standard","meta":{"fifu_image_url":"","fifu_image_alt":"","footnotes":""},"categories":[59],"tags":[],"class_list":["post-40033","post","type-post","status-publish","format-standard","has-post-thumbnail","hentry","category-economia"],"distributor_meta":false,"distributor_terms":false,"distributor_media":false,"distributor_original_site_name":"Noticias em Destaque","distributor_original_site_url":"https:\/\/noticiasdestaque.com.br","push-errors":false,"_links":{"self":[{"href":"https:\/\/noticiasdestaque.com.br\/index.php\/wp-json\/wp\/v2\/posts\/40033","targetHints":{"allow":["GET"]}}],"collection":[{"href":"https:\/\/noticiasdestaque.com.br\/index.php\/wp-json\/wp\/v2\/posts"}],"about":[{"href":"https:\/\/noticiasdestaque.com.br\/index.php\/wp-json\/wp\/v2\/types\/post"}],"author":[{"embeddable":true,"href":"https:\/\/noticiasdestaque.com.br\/index.php\/wp-json\/wp\/v2\/users\/1"}],"replies":[{"embeddable":true,"href":"https:\/\/noticiasdestaque.com.br\/index.php\/wp-json\/wp\/v2\/comments?post=40033"}],"version-history":[{"count":0,"href":"https:\/\/noticiasdestaque.com.br\/index.php\/wp-json\/wp\/v2\/posts\/40033\/revisions"}],"wp:featuredmedia":[{"embeddable":true,"href":"https:\/\/noticiasdestaque.com.br\/index.php\/wp-json\/wp\/v2\/media\/40034"}],"wp:attachment":[{"href":"https:\/\/noticiasdestaque.com.br\/index.php\/wp-json\/wp\/v2\/media?parent=40033"}],"wp:term":[{"taxonomy":"category","embeddable":true,"href":"https:\/\/noticiasdestaque.com.br\/index.php\/wp-json\/wp\/v2\/categories?post=40033"},{"taxonomy":"post_tag","embeddable":true,"href":"https:\/\/noticiasdestaque.com.br\/index.php\/wp-json\/wp\/v2\/tags?post=40033"}],"curies":[{"name":"wp","href":"https:\/\/api.w.org\/{rel}","templated":true}]}}