{"id":40029,"date":"2024-11-26T02:00:00","date_gmt":"2024-11-26T05:00:00","guid":{"rendered":"https:\/\/noticiasdestaque.com.br\/index.php\/2024\/11\/26\/ifi-governo-precisa-de-mais-de-r-40-bi-para-meta-fiscal\/"},"modified":"2024-11-26T02:00:00","modified_gmt":"2024-11-26T05:00:00","slug":"ifi-governo-precisa-de-mais-de-r-40-bi-para-meta-fiscal","status":"publish","type":"post","link":"https:\/\/noticiasdestaque.com.br\/index.php\/2024\/11\/26\/ifi-governo-precisa-de-mais-de-r-40-bi-para-meta-fiscal\/","title":{"rendered":"IFI: governo precisa de mais de R$ 40 bi para meta fiscal"},"content":{"rendered":"<p>\t\t\t\t\t\t\t\t\t\t<audio controls class=\"b61_audio_player\" data-noticia=\"78693\" src=\"https:\/\/brasil61.com\/rails\/active_storage\/blobs\/eyJfcmFpbHMiOnsibWVzc2FnZSI6IkJBaHBBeUFVQXc9PSIsImV4cCI6bnVsbCwicHVyIjoiYmxvYl9pZCJ9fQ==--bf905a12b0b42c4f96d9be15d3dfc5c7c980373b\/BRAS2413065A\"><\/audio><\/p>\n<p>O <a href=\"https:\/\/www12.senado.leg.br\/ifi\/pdf\/raf94_nov2024.pdf\" target=\"_blank\">Relat\u00f3rio de Acompanhamento Fiscal (RAF)<\/a> de novembro, divulgado dia 21, destaca a estimativa de que o governo precisar\u00e1 de um esfor\u00e7o adicional de R$ 42,3 bilh\u00f5es no \u00faltimo bimestre deste ano para zerar o d\u00e9ficit prim\u00e1rio em 2024. No\u00a0cen\u00e1rio em que o governo busque o limite da margem de toler\u00e2ncia prevista no novo arcabou\u00e7o fiscal, o valor exigido diminuiria para R$ 13,6 bilh\u00f5es.<\/p>\n<p>De acordo com an\u00e1lise de Marcus Pestana e Alexandre Andrade, diretor-executivo e diretor da <a href=\"https:\/\/www12.senado.leg.br\/ifi\">Institui\u00e7\u00e3o Fiscal Independente (IFI)<\/a>, respectivamente, entre as medidas que podem ajudar o governo a atingir as metas fiscais est\u00e3o a execu\u00e7\u00e3o reduzida de emendas parlamentares ao Or\u00e7amento e um repasse maior de dividendos e resultados das estatais. Outras medidas a serem adotadas poderiam ser os bloqueios e contingenciamentos de gastos.<\/p>\n<h2>Emendas &#8220;pix&#8221;<\/h2>\n<p>A libera\u00e7\u00e3o das emendas parlamentares est\u00e1 suspensa por uma determina\u00e7\u00e3o do ministro Fl\u00e1vio Dino, do Supremo Tribunal Federal (STF), que condiciona o pagamento das emendas \u00e0 exist\u00eancia de regras sobre rastreabilidade, transpar\u00eancia, controle social e impedimento.<\/p>\n<p>Atualmente, aguarda san\u00e7\u00e3o presidencial o projeto de lei complementar <a href=\"https:\/\/www25.senado.leg.br\/web\/atividade\/materias\/-\/materia\/166053\">PLP 175\/2024<\/a>, que regulamenta as regras para as emendas parlamentares O texto \u00e9 uma tentativa de resolver o impasse sobre o pagamento das emendas individuais impositivas, das quais fazem parte as conhecidas como emendas &#8220;pix&#8221;.<\/p>\n<p>Segundo o relat\u00f3rio da IFI, este ano foram pagos R$ 28,4 bilh\u00f5es em emendas at\u00e9 outubro, de um total de R$ 45,3 bilh\u00f5es \u2013 referente ao limite anual de pagamento de emendas.<\/p>\n<p>De acordo com a avalia\u00e7\u00e3o contida no relat\u00f3rio, dessa forma faltariam R$ 16,9 bilh\u00f5es pass\u00edveis de serem executados em emendas, mas que, at\u00e9 o momento, est\u00e3o suspensos em fun\u00e7\u00e3o da decis\u00e3o do STF. O relat\u00f3rio, ent\u00e3o, destaca que, levando em conta que faltam apenas dois meses para o encerramento do exerc\u00edcio, o cumprimento da meta de resultado prim\u00e1rio deste ano pode ficar mais f\u00e1cil.<\/p>\n<p><strong>Leia mais:<\/strong><\/p>\n<ul>\n<li>\n<p><a href=\"https:\/\/brasil61.com\/n\/gestores-publicos-intensificam-movimentacoes-para-aprovar-orcamento-municipal-dentro-do-prazo-bras2413057https:\/\/brasil61.com\/n\/gestores-publicos-intensificam-movimentacoes-para-aprovar-orcamento-municipal-dentro-do-prazo-bras2413057\" target=\"_blank\">Gestores p\u00fablicos intensificam movimenta\u00e7\u00f5es para aprovar or\u00e7amento municipal dentro do prazo<\/a><\/p>\n<\/li>\n<\/ul>\n<p>\t\t\t\t\t\t\t\t\t<img loading=\"lazy\" decoding=\"async\" src=\"https:\/\/brasil61.com\/api\/v1\/serve_pixel\/17677\/78693\" alt=\"Pixel Brasil 61\" class=\"b61_pixel\" width=\"0\" height=\"0\"><\/p>\n<input type=\"hidden\" id=\"baseurl\" value=\"https:\/\/noticiasdestaque.com.br\"><input type=\"hidden\" id=\"audio_nonce\" value=\"6f73a554f1\">","protected":false},"excerpt":{"rendered":"<p>Estimativa \u00e9 da Institui\u00e7\u00e3o Fiscal Independente (IFI) para o governo zerar o d\u00e9ficit prim\u00e1rio em 2024<\/p>\n","protected":false},"author":1,"featured_media":40030,"comment_status":"open","ping_status":"open","sticky":false,"template":"","format":"standard","meta":{"fifu_image_url":"","fifu_image_alt":"","footnotes":""},"categories":[59],"tags":[],"class_list":["post-40029","post","type-post","status-publish","format-standard","has-post-thumbnail","hentry","category-economia"],"distributor_meta":false,"distributor_terms":false,"distributor_media":false,"distributor_original_site_name":"Noticias em Destaque","distributor_original_site_url":"https:\/\/noticiasdestaque.com.br","push-errors":false,"_links":{"self":[{"href":"https:\/\/noticiasdestaque.com.br\/index.php\/wp-json\/wp\/v2\/posts\/40029","targetHints":{"allow":["GET"]}}],"collection":[{"href":"https:\/\/noticiasdestaque.com.br\/index.php\/wp-json\/wp\/v2\/posts"}],"about":[{"href":"https:\/\/noticiasdestaque.com.br\/index.php\/wp-json\/wp\/v2\/types\/post"}],"author":[{"embeddable":true,"href":"https:\/\/noticiasdestaque.com.br\/index.php\/wp-json\/wp\/v2\/users\/1"}],"replies":[{"embeddable":true,"href":"https:\/\/noticiasdestaque.com.br\/index.php\/wp-json\/wp\/v2\/comments?post=40029"}],"version-history":[{"count":0,"href":"https:\/\/noticiasdestaque.com.br\/index.php\/wp-json\/wp\/v2\/posts\/40029\/revisions"}],"wp:featuredmedia":[{"embeddable":true,"href":"https:\/\/noticiasdestaque.com.br\/index.php\/wp-json\/wp\/v2\/media\/40030"}],"wp:attachment":[{"href":"https:\/\/noticiasdestaque.com.br\/index.php\/wp-json\/wp\/v2\/media?parent=40029"}],"wp:term":[{"taxonomy":"category","embeddable":true,"href":"https:\/\/noticiasdestaque.com.br\/index.php\/wp-json\/wp\/v2\/categories?post=40029"},{"taxonomy":"post_tag","embeddable":true,"href":"https:\/\/noticiasdestaque.com.br\/index.php\/wp-json\/wp\/v2\/tags?post=40029"}],"curies":[{"name":"wp","href":"https:\/\/api.w.org\/{rel}","templated":true}]}}