{"id":40015,"date":"2024-11-24T12:00:00","date_gmt":"2024-11-24T15:00:00","guid":{"rendered":"https:\/\/noticiasdestaque.com.br\/index.php\/2024\/11\/24\/13o-salario-quando-e-pago-e-quem-tem-direito-a-receber\/"},"modified":"2024-11-24T12:00:00","modified_gmt":"2024-11-24T15:00:00","slug":"13o-salario-quando-e-pago-e-quem-tem-direito-a-receber","status":"publish","type":"post","link":"https:\/\/noticiasdestaque.com.br\/index.php\/2024\/11\/24\/13o-salario-quando-e-pago-e-quem-tem-direito-a-receber\/","title":{"rendered":"13\u00ba sal\u00e1rio: quando \u00e9 pago e quem tem direito a receber"},"content":{"rendered":"<p>\t\t\t\t\t\t\t\t\t\t<audio controls class=\"b61_audio_player\" data-noticia=\"78661\" src=\"https:\/\/brasil61.com\/rails\/active_storage\/blobs\/eyJfcmFpbHMiOnsibWVzc2FnZSI6IkJBaHBBOGtUQXc9PSIsImV4cCI6bnVsbCwicHVyIjoiYmxvYl9pZCJ9fQ==--a1f1caeba31ed6ab4320ce10506218f3924d346f\/BRAS2413056A\"><\/audio><\/p>\n<p>Nesta \u00e9poca de festas de fim de ano, o trabalhador brasileiro s\u00f3 pensa nele: o 13\u00ba sal\u00e1rio. At\u00e9 o dia 30 de novembro, milh\u00f5es de trabalhadores no Brasil recebem a primeira parcela do sal\u00e1rio extra. Este\u00a0direito do trabalhador foi oficializado em 13 de julho de 1962\u00a0pela <a href=\"https:\/\/www.planalto.gov.br\/ccivil_03\/leis\/l4090.htm\" target=\"_blank\">lei n\u00ba 4.090<\/a>, que define que\u00a0os empregadores devem pagar um sal\u00e1rio extra aos seus colaboradores ao final do ano<\/p>\n<p>Veja as respostas para as d\u00favidas mais frequentes\u00a0sobre o pagamento do 13\u00b0 sal\u00e1rio:<\/p>\n<p><strong>Quem tem direito a receber o 13\u00b0?<\/strong><\/p>\n<p>Pela legisla\u00e7\u00e3o, a pessoa que trabalhou por 15 dias ou mais durante o ano,\u00a0e n\u00e3o foi demitida por justa causa, tem direito a receber a gratifica\u00e7\u00e3o de natal. O\u00a0\u00a0valor \u00e9 proporcional ao per\u00edodo trabalhado.\u00a0Ou seja, se o empregado trabalhou 12 meses, o valor do 13\u00b0 ser\u00e1 correspondente ao total de seu\u00a0sal\u00e1rio. Caso tenha trabalhado por 6 meses no ano, a gratifica\u00e7\u00e3o ser\u00e1 de 50% da sua remunera\u00e7\u00e3o mensal.<\/p>\n<p><strong>Como o 13\u00b0 sal\u00e1rio \u00e9 calculado?<\/strong><\/p>\n<p>\u00c9 assegurado ao trabalhador que a cada m\u00eas trabalhado h\u00e1 o direito de receber o valor extra correspondente a 1\/12 (um doze avos) do seu sal\u00e1rio no ano correspondente.\u00a0Para calcular o benef\u00edcio, o sal\u00e1rio bruto \u00e9 dividido por 12 e multiplicado pelo n\u00famero de meses trabalhados. Do valor s\u00e3o descontados o Imposto de Renda e a contribui\u00e7\u00e3o para o Instituto Nacional do Seguro Social (INSS) \u2013 da mesma forma como j\u00e1 ocorre com o sal\u00e1rio, m\u00eas a m\u00eas.<\/p>\n<p><strong>Quando o d\u00e9cimo terceiro sal\u00e1rio \u00e9 pago?<\/strong><\/p>\n<p>Por determina\u00e7\u00e3o legal, a primeira parcela do 13\u00b0 deve ser paga at\u00e9 o dia 30 de novembro de cada ano. J\u00e1 a segunda parcela pode ser paga at\u00e9 o dia 20 de dezembro. O empregador tamb\u00e9m pode efetuar o pagamento integral \u2013 respeitando a primeira data.<\/p>\n<p><strong>13\u00b0 de aposentados e pensionistas do INSS<\/strong><\/p>\n<p>Entre os meses de abril e maio, essa parcela da popula\u00e7\u00e3o recebe o 13\u00b0 em parcela \u00fanica \u2013 a regra vale desde 2020. Mas, quem passou a ter direito \u00e0 aposentadoria ou pens\u00e3o pelo Instituto Nacional do Seguro Social (INSS) a partir de junho de 2024\u00a0receber\u00e1 o 13\u00b0 entre os dias 25 de novembro e 6 de dezembro. A ordem de pagamento ser\u00e1 conforme o valor do benef\u00edcio.<\/p>\n<p>\t\t\t\t\t\t\t\t\t<img loading=\"lazy\" decoding=\"async\" src=\"https:\/\/brasil61.com\/api\/v1\/serve_pixel\/17677\/78661\" alt=\"Pixel Brasil 61\" class=\"b61_pixel\" width=\"0\" height=\"0\"><\/p>\n<input type=\"hidden\" id=\"baseurl\" value=\"https:\/\/noticiasdestaque.com.br\"><input type=\"hidden\" id=\"audio_nonce\" value=\"6f73a554f1\">","protected":false},"excerpt":{"rendered":"<p>Oficializado em 13 de julho de 1962 pela lei n\u00ba 4.090, ele garante uma remunera\u00e7\u00e3o extra aos trabalhadores brasileiros<\/p>\n","protected":false},"author":1,"featured_media":40016,"comment_status":"open","ping_status":"open","sticky":false,"template":"","format":"standard","meta":{"fifu_image_url":"","fifu_image_alt":"","footnotes":""},"categories":[59],"tags":[],"class_list":["post-40015","post","type-post","status-publish","format-standard","has-post-thumbnail","hentry","category-economia"],"distributor_meta":false,"distributor_terms":false,"distributor_media":false,"distributor_original_site_name":"Noticias em Destaque","distributor_original_site_url":"https:\/\/noticiasdestaque.com.br","push-errors":false,"_links":{"self":[{"href":"https:\/\/noticiasdestaque.com.br\/index.php\/wp-json\/wp\/v2\/posts\/40015","targetHints":{"allow":["GET"]}}],"collection":[{"href":"https:\/\/noticiasdestaque.com.br\/index.php\/wp-json\/wp\/v2\/posts"}],"about":[{"href":"https:\/\/noticiasdestaque.com.br\/index.php\/wp-json\/wp\/v2\/types\/post"}],"author":[{"embeddable":true,"href":"https:\/\/noticiasdestaque.com.br\/index.php\/wp-json\/wp\/v2\/users\/1"}],"replies":[{"embeddable":true,"href":"https:\/\/noticiasdestaque.com.br\/index.php\/wp-json\/wp\/v2\/comments?post=40015"}],"version-history":[{"count":0,"href":"https:\/\/noticiasdestaque.com.br\/index.php\/wp-json\/wp\/v2\/posts\/40015\/revisions"}],"wp:featuredmedia":[{"embeddable":true,"href":"https:\/\/noticiasdestaque.com.br\/index.php\/wp-json\/wp\/v2\/media\/40016"}],"wp:attachment":[{"href":"https:\/\/noticiasdestaque.com.br\/index.php\/wp-json\/wp\/v2\/media?parent=40015"}],"wp:term":[{"taxonomy":"category","embeddable":true,"href":"https:\/\/noticiasdestaque.com.br\/index.php\/wp-json\/wp\/v2\/categories?post=40015"},{"taxonomy":"post_tag","embeddable":true,"href":"https:\/\/noticiasdestaque.com.br\/index.php\/wp-json\/wp\/v2\/tags?post=40015"}],"curies":[{"name":"wp","href":"https:\/\/api.w.org\/{rel}","templated":true}]}}