{"id":40005,"date":"2024-11-25T18:00:00","date_gmt":"2024-11-25T21:00:00","guid":{"rendered":"https:\/\/noticiasdestaque.com.br\/index.php\/2024\/11\/25\/previsao-do-tempo-sudeste-tera-ceu-com-variacao-entre-muitas-e-poucas-nuvens-nesta-terca-feira-26\/"},"modified":"2024-11-25T18:00:00","modified_gmt":"2024-11-25T21:00:00","slug":"previsao-do-tempo-sudeste-tera-ceu-com-variacao-entre-muitas-e-poucas-nuvens-nesta-terca-feira-26","status":"publish","type":"post","link":"https:\/\/noticiasdestaque.com.br\/index.php\/2024\/11\/25\/previsao-do-tempo-sudeste-tera-ceu-com-variacao-entre-muitas-e-poucas-nuvens-nesta-terca-feira-26\/","title":{"rendered":"PREVIS\u00c3O DO TEMPO: Sudeste ter\u00e1 c\u00e9u com varia\u00e7\u00e3o entre muitas e poucas nuvens nesta ter\u00e7a-feira (26)"},"content":{"rendered":"<p>\t\t\t\t\t\t\t\t\t\t<audio controls class=\"b61_audio_player\" data-noticia=\"78686\" src=\"https:\/\/brasil61.com\/rails\/active_storage\/blobs\/eyJfcmFpbHMiOnsibWVzc2FnZSI6IkJBaHBBeHdVQXc9PSIsImV4cCI6bnVsbCwicHVyIjoiYmxvYl9pZCJ9fQ==--3a6ad9d29d2d03ec9fe5ab389cd6650ffa5bec22\/PTSD243892A\"><\/audio><\/p>\n<p>A ter\u00e7a-feira (26) na Regi\u00e3o Sudeste ter\u00e1 c\u00e9u com varia\u00e7\u00e3o entre muitas e poucas nuvens em praticamente todos os estados.<\/p>\n<p>Rio de Janeiro deve ter c\u00e9u com poucas nuvens, j\u00e1 o Esp\u00edrito Santo ter\u00e1 c\u00e9u variando entre\u00a0muitas e poucas nuvens ao longo do dia.<\/p>\n<p>A previs\u00e3o \u00e9 semelhante para Minas Gerais e S\u00e3o Paulo, mas para esses estados h\u00e1 possibilidade de chuva isolada, concentrada no litoral sul paulista e no noroeste mineiro. \u00a0<\/p>\n<p>Entre as capitais, a temperatura m\u00ednima prevista \u00e9 de 17\u00b0C, em S\u00e3o Paulo. J\u00e1 a m\u00e1xima pode chegar a 34\u00b0C, no Rio de Janeiro. A umidade relativa do ar varia entre 35% e 90%.<\/p>\n<p>As informa\u00e7\u00f5es s\u00e3o do Instituto Nacional de Meteorologia. \u00a0<\/p>\n<p>\n\u00a0<\/p>\n<p>\t\t\t\t\t\t\t\t\t<img loading=\"lazy\" decoding=\"async\" src=\"https:\/\/brasil61.com\/api\/v1\/serve_pixel\/17677\/78686\" alt=\"Pixel Brasil 61\" class=\"b61_pixel\" width=\"0\" height=\"0\"><\/p>\n<input type=\"hidden\" id=\"baseurl\" value=\"https:\/\/noticiasdestaque.com.br\"><input type=\"hidden\" id=\"audio_nonce\" value=\"5128c810d9\">","protected":false},"excerpt":{"rendered":"<p>H\u00e1 possibilidade de chuva isolada apenas para SP e MG<\/p>\n","protected":false},"author":1,"featured_media":40006,"comment_status":"open","ping_status":"open","sticky":false,"template":"","format":"standard","meta":{"fifu_image_url":"","fifu_image_alt":"","footnotes":""},"categories":[58],"tags":[],"class_list":["post-40005","post","type-post","status-publish","format-standard","has-post-thumbnail","hentry","category-cotidiano"],"distributor_meta":false,"distributor_terms":false,"distributor_media":false,"distributor_original_site_name":"Noticias em Destaque","distributor_original_site_url":"https:\/\/noticiasdestaque.com.br","push-errors":false,"_links":{"self":[{"href":"https:\/\/noticiasdestaque.com.br\/index.php\/wp-json\/wp\/v2\/posts\/40005","targetHints":{"allow":["GET"]}}],"collection":[{"href":"https:\/\/noticiasdestaque.com.br\/index.php\/wp-json\/wp\/v2\/posts"}],"about":[{"href":"https:\/\/noticiasdestaque.com.br\/index.php\/wp-json\/wp\/v2\/types\/post"}],"author":[{"embeddable":true,"href":"https:\/\/noticiasdestaque.com.br\/index.php\/wp-json\/wp\/v2\/users\/1"}],"replies":[{"embeddable":true,"href":"https:\/\/noticiasdestaque.com.br\/index.php\/wp-json\/wp\/v2\/comments?post=40005"}],"version-history":[{"count":0,"href":"https:\/\/noticiasdestaque.com.br\/index.php\/wp-json\/wp\/v2\/posts\/40005\/revisions"}],"wp:featuredmedia":[{"embeddable":true,"href":"https:\/\/noticiasdestaque.com.br\/index.php\/wp-json\/wp\/v2\/media\/40006"}],"wp:attachment":[{"href":"https:\/\/noticiasdestaque.com.br\/index.php\/wp-json\/wp\/v2\/media?parent=40005"}],"wp:term":[{"taxonomy":"category","embeddable":true,"href":"https:\/\/noticiasdestaque.com.br\/index.php\/wp-json\/wp\/v2\/categories?post=40005"},{"taxonomy":"post_tag","embeddable":true,"href":"https:\/\/noticiasdestaque.com.br\/index.php\/wp-json\/wp\/v2\/tags?post=40005"}],"curies":[{"name":"wp","href":"https:\/\/api.w.org\/{rel}","templated":true}]}}