{"id":39962,"date":"2024-11-21T18:00:00","date_gmt":"2024-11-21T21:00:00","guid":{"rendered":"https:\/\/noticiasdestaque.com.br\/index.php\/2024\/11\/21\/previsao-do-tempo-sudeste-registra-chuva-em-todos-os-estados-nesta-sexta-feira-22\/"},"modified":"2024-11-21T18:00:00","modified_gmt":"2024-11-21T21:00:00","slug":"previsao-do-tempo-sudeste-registra-chuva-em-todos-os-estados-nesta-sexta-feira-22","status":"publish","type":"post","link":"https:\/\/noticiasdestaque.com.br\/index.php\/2024\/11\/21\/previsao-do-tempo-sudeste-registra-chuva-em-todos-os-estados-nesta-sexta-feira-22\/","title":{"rendered":"PREVIS\u00c3O DO TEMPO: Sudeste registra chuva em todos os estados, nesta sexta-feira (22)"},"content":{"rendered":"<p>\t\t\t\t\t\t\t\t\t\t<audio controls class=\"b61_audio_player\" data-noticia=\"78627\" src=\"https:\/\/brasil61.com\/rails\/active_storage\/blobs\/eyJfcmFpbHMiOnsibWVzc2FnZSI6IkJBaHBBelFUQXc9PSIsImV4cCI6bnVsbCwicHVyIjoiYmxvYl9pZCJ9fQ==--1bcedd3bf27dd6ee7ae4a923acc8c69c955fdb56\/PTSD243888A\"><\/audio><\/p>\n<p>O Sudeste brasileiro ter\u00e1 uma sexta-feira (22) chuvosa em praticamente toda a regi\u00e3o. Para o Rio de Janeiro, por exemplo, a previs\u00e3o \u00e9 de muitas nuvens, com chuva isolada, em cidades como S\u00e3o Sebasti\u00e3o do Alto e Silva Jardim.\u00a0<\/p>\n<p>A condi\u00e7\u00e3o \u00e9 a mesma para boa parte do Esp\u00edrito Santo, como em \u00e1reas do norte e sul do estado. J\u00e1 na faixa mais central, como em Linhares e Colatina, a previs\u00e3o \u00e9 de c\u00e9u encoberto e chuva isolada.\u00a0<\/p>\n<p>Em Minas Gerais, h\u00e1 predomin\u00e2ncia de c\u00e9u com muitas nuvens, pancadas de chuva e trovoadas isoladas, principalmente no noroeste e no norte do estado, al\u00e9m do Tri\u00e2ngulo Mineiro.\u00a0<\/p>\n<p>J\u00e1 em S\u00e3o Paulo, s\u00e3o esperadas pancadas de chuva na \u00e1rea mais central do estado, onde est\u00e3o localizados munic\u00edpios como Piraju\u00ed e Ribeir\u00e3o Bonito. Para as demais \u00e1reas, a previs\u00e3o \u00e9 de chuva isolada.\u00a0<\/p>\n<p>Entre as capitais, a temperatura m\u00ednima \u00e9 de 17\u00b0C, em S\u00e3o Paulo. J\u00e1 a m\u00e1xima prevista \u00e9 de 30\u00b0C, em Vit\u00f3ria. A umidade relativa do ar varia entre 50% e 100%.\u00a0<\/p>\n<p>As informa\u00e7\u00f5es s\u00e3o do Instituto Nacional de Meteorologia (INMET).\u00a0<\/p>\n<p>\t\t\t\t\t\t\t\t\t<img loading=\"lazy\" decoding=\"async\" src=\"https:\/\/brasil61.com\/api\/v1\/serve_pixel\/17677\/78627\" alt=\"Pixel Brasil 61\" class=\"b61_pixel\" width=\"0\" height=\"0\"><\/p>\n<input type=\"hidden\" id=\"baseurl\" value=\"https:\/\/noticiasdestaque.com.br\"><input type=\"hidden\" id=\"audio_nonce\" value=\"35cc8f9b14\">","protected":false},"excerpt":{"rendered":"<p>Em Minas Gerais, h\u00e1 predomin\u00e2ncia de c\u00e9u com muitas nuvens, pancadas de chuva e trovoadas isoladas<\/p>\n","protected":false},"author":1,"featured_media":39963,"comment_status":"open","ping_status":"open","sticky":false,"template":"","format":"standard","meta":{"fifu_image_url":"","fifu_image_alt":"","footnotes":""},"categories":[58],"tags":[],"class_list":["post-39962","post","type-post","status-publish","format-standard","has-post-thumbnail","hentry","category-cotidiano"],"distributor_meta":false,"distributor_terms":false,"distributor_media":false,"distributor_original_site_name":"Noticias em Destaque","distributor_original_site_url":"https:\/\/noticiasdestaque.com.br","push-errors":false,"_links":{"self":[{"href":"https:\/\/noticiasdestaque.com.br\/index.php\/wp-json\/wp\/v2\/posts\/39962","targetHints":{"allow":["GET"]}}],"collection":[{"href":"https:\/\/noticiasdestaque.com.br\/index.php\/wp-json\/wp\/v2\/posts"}],"about":[{"href":"https:\/\/noticiasdestaque.com.br\/index.php\/wp-json\/wp\/v2\/types\/post"}],"author":[{"embeddable":true,"href":"https:\/\/noticiasdestaque.com.br\/index.php\/wp-json\/wp\/v2\/users\/1"}],"replies":[{"embeddable":true,"href":"https:\/\/noticiasdestaque.com.br\/index.php\/wp-json\/wp\/v2\/comments?post=39962"}],"version-history":[{"count":0,"href":"https:\/\/noticiasdestaque.com.br\/index.php\/wp-json\/wp\/v2\/posts\/39962\/revisions"}],"wp:featuredmedia":[{"embeddable":true,"href":"https:\/\/noticiasdestaque.com.br\/index.php\/wp-json\/wp\/v2\/media\/39963"}],"wp:attachment":[{"href":"https:\/\/noticiasdestaque.com.br\/index.php\/wp-json\/wp\/v2\/media?parent=39962"}],"wp:term":[{"taxonomy":"category","embeddable":true,"href":"https:\/\/noticiasdestaque.com.br\/index.php\/wp-json\/wp\/v2\/categories?post=39962"},{"taxonomy":"post_tag","embeddable":true,"href":"https:\/\/noticiasdestaque.com.br\/index.php\/wp-json\/wp\/v2\/tags?post=39962"}],"curies":[{"name":"wp","href":"https:\/\/api.w.org\/{rel}","templated":true}]}}