{"id":39960,"date":"2024-11-22T04:00:00","date_gmt":"2024-11-22T07:00:00","guid":{"rendered":"https:\/\/noticiasdestaque.com.br\/index.php\/2024\/11\/22\/ibovespa-cai-e-fecha-abaixo-dos-127-mil-pontos\/"},"modified":"2024-11-22T04:00:00","modified_gmt":"2024-11-22T07:00:00","slug":"ibovespa-cai-e-fecha-abaixo-dos-127-mil-pontos","status":"publish","type":"post","link":"https:\/\/noticiasdestaque.com.br\/index.php\/2024\/11\/22\/ibovespa-cai-e-fecha-abaixo-dos-127-mil-pontos\/","title":{"rendered":"Ibovespa cai e fecha abaixo dos 127 mil pontos"},"content":{"rendered":"<p>\t\t\t\t\t\t\t\t\t\t<audio controls class=\"b61_audio_player\" data-noticia=\"78632\" src=\"https:\/\/brasil61.com\/rails\/active_storage\/blobs\/eyJfcmFpbHMiOnsibWVzc2FnZSI6IkJBaHBBMmdUQXc9PSIsImV4cCI6bnVsbCwicHVyIjoiYmxvYl9pZCJ9fQ==--469a7e830ac7239782ff02b8a3743bac59508e43\/BRAS2413049A\"><\/audio><\/p>\n<p>O principal \u00edndice da bolsa brasileira (Ibovespa) caiu 1% e fechou o \u00faltimo preg\u00e3o abaixo dos 127 mil pontos, aos 126.922,11 pontos. O n\u00edvel foi o menor registrado em tr\u00eas meses, desde agosto, quando o \u00edndice chegou a pouco mais de 126,2 mil.<\/p>\n<p>O mercado segue \u00e0 espera pelo an\u00fancio do pacote de corte de gastos do governo federal e a indefini\u00e7\u00e3o afetou o \u00edndice. Outro impacto negativo se deu pela escalada do conflito internacional entre R\u00fassia e Ucr\u00e2nia.<\/p>\n<p>A Petrobras iniciou o dia em queda, mas se recuperou \u00e0\u00a0tarde. Por\u00e9m, subiu apenas 0,17% em a\u00e7\u00f5es ordin\u00e1rias (ON) e 0,29% em preferenciais (PN),\u00a0<\/p>\n<p>O dia n\u00e3o foi favor\u00e1vel para as a\u00e7\u00f5es da Lojas Renner (LREN3), que recuaram 5,31%.\u00a0<\/p>\n<p>Por outro lado, a exportadora Embraer avan\u00e7ou 3,32% e a Klabin (KLBN11) subiu 1,26%.<\/p>\n<p>As informa\u00e7\u00f5es podem ser consultadas no site da B3. \u00a0\u00a0<\/p>\n<p>\t\t\t\t\t\t\t\t\t<img loading=\"lazy\" decoding=\"async\" src=\"https:\/\/brasil61.com\/api\/v1\/serve_pixel\/17677\/78632\" alt=\"Pixel Brasil 61\" class=\"b61_pixel\" width=\"0\" height=\"0\"><\/p>\n<input type=\"hidden\" id=\"baseurl\" value=\"https:\/\/noticiasdestaque.com.br\"><input type=\"hidden\" id=\"audio_nonce\" value=\"35cc8f9b14\">","protected":false},"excerpt":{"rendered":"<p>A queda foi de 1%, menor n\u00edvel em tr\u00eas meses<\/p>\n","protected":false},"author":1,"featured_media":39961,"comment_status":"open","ping_status":"open","sticky":false,"template":"","format":"standard","meta":{"fifu_image_url":"","fifu_image_alt":"","footnotes":""},"categories":[59],"tags":[],"class_list":["post-39960","post","type-post","status-publish","format-standard","has-post-thumbnail","hentry","category-economia"],"distributor_meta":false,"distributor_terms":false,"distributor_media":false,"distributor_original_site_name":"Noticias em Destaque","distributor_original_site_url":"https:\/\/noticiasdestaque.com.br","push-errors":false,"_links":{"self":[{"href":"https:\/\/noticiasdestaque.com.br\/index.php\/wp-json\/wp\/v2\/posts\/39960","targetHints":{"allow":["GET"]}}],"collection":[{"href":"https:\/\/noticiasdestaque.com.br\/index.php\/wp-json\/wp\/v2\/posts"}],"about":[{"href":"https:\/\/noticiasdestaque.com.br\/index.php\/wp-json\/wp\/v2\/types\/post"}],"author":[{"embeddable":true,"href":"https:\/\/noticiasdestaque.com.br\/index.php\/wp-json\/wp\/v2\/users\/1"}],"replies":[{"embeddable":true,"href":"https:\/\/noticiasdestaque.com.br\/index.php\/wp-json\/wp\/v2\/comments?post=39960"}],"version-history":[{"count":0,"href":"https:\/\/noticiasdestaque.com.br\/index.php\/wp-json\/wp\/v2\/posts\/39960\/revisions"}],"wp:featuredmedia":[{"embeddable":true,"href":"https:\/\/noticiasdestaque.com.br\/index.php\/wp-json\/wp\/v2\/media\/39961"}],"wp:attachment":[{"href":"https:\/\/noticiasdestaque.com.br\/index.php\/wp-json\/wp\/v2\/media?parent=39960"}],"wp:term":[{"taxonomy":"category","embeddable":true,"href":"https:\/\/noticiasdestaque.com.br\/index.php\/wp-json\/wp\/v2\/categories?post=39960"},{"taxonomy":"post_tag","embeddable":true,"href":"https:\/\/noticiasdestaque.com.br\/index.php\/wp-json\/wp\/v2\/tags?post=39960"}],"curies":[{"name":"wp","href":"https:\/\/api.w.org\/{rel}","templated":true}]}}