{"id":39932,"date":"2024-11-21T18:00:00","date_gmt":"2024-11-21T21:00:00","guid":{"rendered":"https:\/\/noticiasdestaque.com.br\/index.php\/2024\/11\/21\/previsao-do-tempo-norte-tera-chuva-em-praticamente-toda-a-regiao-nesta-sexta-feira-22\/"},"modified":"2024-11-21T18:00:00","modified_gmt":"2024-11-21T21:00:00","slug":"previsao-do-tempo-norte-tera-chuva-em-praticamente-toda-a-regiao-nesta-sexta-feira-22","status":"publish","type":"post","link":"https:\/\/noticiasdestaque.com.br\/index.php\/2024\/11\/21\/previsao-do-tempo-norte-tera-chuva-em-praticamente-toda-a-regiao-nesta-sexta-feira-22\/","title":{"rendered":"PREVIS\u00c3O DO TEMPO: Norte ter\u00e1 chuva em praticamente toda a regi\u00e3o, nesta sexta-feira (22)"},"content":{"rendered":"<p>\t\t\t\t\t\t\t\t\t\t<audio controls class=\"b61_audio_player\" data-noticia=\"78625\" src=\"https:\/\/brasil61.com\/rails\/active_storage\/blobs\/eyJfcmFpbHMiOnsibWVzc2FnZSI6IkJBaHBBellUQXc9PSIsImV4cCI6bnVsbCwicHVyIjoiYmxvYl9pZCJ9fQ==--cd6a240c8be8f6911fa400b41741f18b5556fd66\/PTND244496A\"><\/audio><\/p>\n<p>O Norte do Brasil contar\u00e1, nesta sexta-feira (22), com chuva em praticamente toda a regi\u00e3o. Para Rond\u00f4nia e toda a \u00e1rea central do Amazonas, a previs\u00e3o \u00e9 de muitas nuvens, pancadas de chuva e trovoadas isoladas.\u00a0<\/p>\n<p>Para todo o Acre e o Tocantins, o dia ser\u00e1 de muitas nuvens e pancadas de chuva isoladas. A condi\u00e7\u00e3o \u00e9 a mesma para a \u00e1rea do centro ao sul do Par\u00e1, em cidades como Altamira e S\u00e3o F\u00e9lix do Xingu.\u00a0<\/p>\n<p>J\u00e1 para Roraima, a previs\u00e3o \u00e9 de possibilidade de chuva isolada, sobretudo em cidades mais ao norte do estado, como Alto Alegre e Amajari. No Amap\u00e1, tamb\u00e9m h\u00e1 possibilidade de chuva no sul do estado.\u00a0<\/p>\n<p>Entre as capitais, a temperatura m\u00ednima \u00e9 de 24\u00b0C, em Palmas. J\u00e1 a m\u00e1xima prevista \u00e9 de 37\u00b0C, em Manaus. A umidade relativa do ar varia entre 55% e 96%.\u00a0<\/p>\n<p>As informa\u00e7\u00f5es s\u00e3o do Instituto Nacional de Meteorologia (INMET).\u00a0<\/p>\n<p>\t\t\t\t\t\t\t\t\t<img loading=\"lazy\" decoding=\"async\" src=\"https:\/\/brasil61.com\/api\/v1\/serve_pixel\/17677\/78625\" alt=\"Pixel Brasil 61\" class=\"b61_pixel\" width=\"0\" height=\"0\"><\/p>\n<input type=\"hidden\" id=\"baseurl\" value=\"https:\/\/noticiasdestaque.com.br\"><input type=\"hidden\" id=\"audio_nonce\" value=\"9fd43fe80e\">","protected":false},"excerpt":{"rendered":"<p>Para o todo Acre e o Tocantins, o dia ser\u00e1 de muitas nuvens e pancadas de chuva isoladas<\/p>\n","protected":false},"author":1,"featured_media":39933,"comment_status":"open","ping_status":"open","sticky":false,"template":"","format":"standard","meta":{"fifu_image_url":"","fifu_image_alt":"","footnotes":""},"categories":[58],"tags":[],"class_list":["post-39932","post","type-post","status-publish","format-standard","has-post-thumbnail","hentry","category-cotidiano"],"distributor_meta":false,"distributor_terms":false,"distributor_media":false,"distributor_original_site_name":"Noticias em Destaque","distributor_original_site_url":"https:\/\/noticiasdestaque.com.br","push-errors":false,"_links":{"self":[{"href":"https:\/\/noticiasdestaque.com.br\/index.php\/wp-json\/wp\/v2\/posts\/39932","targetHints":{"allow":["GET"]}}],"collection":[{"href":"https:\/\/noticiasdestaque.com.br\/index.php\/wp-json\/wp\/v2\/posts"}],"about":[{"href":"https:\/\/noticiasdestaque.com.br\/index.php\/wp-json\/wp\/v2\/types\/post"}],"author":[{"embeddable":true,"href":"https:\/\/noticiasdestaque.com.br\/index.php\/wp-json\/wp\/v2\/users\/1"}],"replies":[{"embeddable":true,"href":"https:\/\/noticiasdestaque.com.br\/index.php\/wp-json\/wp\/v2\/comments?post=39932"}],"version-history":[{"count":0,"href":"https:\/\/noticiasdestaque.com.br\/index.php\/wp-json\/wp\/v2\/posts\/39932\/revisions"}],"wp:featuredmedia":[{"embeddable":true,"href":"https:\/\/noticiasdestaque.com.br\/index.php\/wp-json\/wp\/v2\/media\/39933"}],"wp:attachment":[{"href":"https:\/\/noticiasdestaque.com.br\/index.php\/wp-json\/wp\/v2\/media?parent=39932"}],"wp:term":[{"taxonomy":"category","embeddable":true,"href":"https:\/\/noticiasdestaque.com.br\/index.php\/wp-json\/wp\/v2\/categories?post=39932"},{"taxonomy":"post_tag","embeddable":true,"href":"https:\/\/noticiasdestaque.com.br\/index.php\/wp-json\/wp\/v2\/tags?post=39932"}],"curies":[{"name":"wp","href":"https:\/\/api.w.org\/{rel}","templated":true}]}}