{"id":39928,"date":"2024-11-21T18:00:00","date_gmt":"2024-11-21T21:00:00","guid":{"rendered":"https:\/\/noticiasdestaque.com.br\/index.php\/2024\/11\/21\/previsao-do-tempo-sul-tera-prevalencia-de-ceu-encoberto-e-chuvisco-nesta-sexta-feira-22\/"},"modified":"2024-11-21T18:00:00","modified_gmt":"2024-11-21T21:00:00","slug":"previsao-do-tempo-sul-tera-prevalencia-de-ceu-encoberto-e-chuvisco-nesta-sexta-feira-22","status":"publish","type":"post","link":"https:\/\/noticiasdestaque.com.br\/index.php\/2024\/11\/21\/previsao-do-tempo-sul-tera-prevalencia-de-ceu-encoberto-e-chuvisco-nesta-sexta-feira-22\/","title":{"rendered":"PREVIS\u00c3O DO TEMPO: Sul ter\u00e1 preval\u00eancia de c\u00e9u encoberto e chuvisco, nesta sexta-feira (22)"},"content":{"rendered":"<p>\t\t\t\t\t\t\t\t\t\t<audio controls class=\"b61_audio_player\" data-noticia=\"78623\" src=\"https:\/\/brasil61.com\/rails\/active_storage\/blobs\/eyJfcmFpbHMiOnsibWVzc2FnZSI6IkJBaHBBemdUQXc9PSIsImV4cCI6bnVsbCwicHVyIjoiYmxvYl9pZCJ9fQ==--a49e89a9f8bc9beed383cfb846fefceb02f22a53\/PTRS243770A\"><\/audio><\/p>\n<p>A previs\u00e3o do tempo para esta sexta-feira (22) \u00e9 de c\u00e9u encoberto e chuvisco em boa parte da regi\u00e3o Sul. A condi\u00e7\u00e3o \u00e9 esperada em praticamente todo o Paran\u00e1, em cidades do sudoeste e do oeste do estado, como Medianeira e Cascavel.<\/p>\n<p>Em Santa Catarina a situa\u00e7\u00e3o \u00e9 semelhante. No estado, h\u00e1 preval\u00eancia de c\u00e9u encoberto e chuvisco, sobretudo nos munic\u00edpios mais ao norte do estado e do Vale do Itaja\u00ed, como Rio Negrinho e Blumenau. J\u00e1 em uma pequena \u00e1rea do sul catarinense, como em Forquilhinha e em Crici\u00fama, h\u00e1 apenas previs\u00e3o de c\u00e9u encoberto.\u00a0<\/p>\n<p>No Rio Grande do Sul, a predomin\u00e2ncia de c\u00e9u encoberto ser\u00e1 notada em cidades como Cerrito e Pedras Altas, no sudeste ga\u00facho.\u00a0<\/p>\n<p>Entre as capitais, a temperatura m\u00ednima \u00e9 de 14\u00b0C, em Curitiba. J\u00e1 a m\u00e1xima prevista \u00e9 de 24\u00b0C, em Porto Alegre. A umidade relativa do ar varia entre 60% e 90%.\u00a0<\/p>\n<p>As informa\u00e7\u00f5es s\u00e3o do Instituto Nacional de Meteorologia (INMET).\u00a0<\/p>\n<p>\u00a0<\/p>\n<p>\t\t\t\t\t\t\t\t\t<img loading=\"lazy\" decoding=\"async\" src=\"https:\/\/brasil61.com\/api\/v1\/serve_pixel\/17677\/78623\" alt=\"Pixel Brasil 61\" class=\"b61_pixel\" width=\"0\" height=\"0\"><\/p>\n<input type=\"hidden\" id=\"baseurl\" value=\"https:\/\/noticiasdestaque.com.br\"><input type=\"hidden\" id=\"audio_nonce\" value=\"9fd43fe80e\">","protected":false},"excerpt":{"rendered":"<p>A condi\u00e7\u00e3o \u00e9 esperada em praticamente todo o Paran\u00e1, em cidades do sudoeste e do oeste do estado, como Medianeira e Cascavel<\/p>\n","protected":false},"author":1,"featured_media":39929,"comment_status":"open","ping_status":"open","sticky":false,"template":"","format":"standard","meta":{"fifu_image_url":"","fifu_image_alt":"","footnotes":""},"categories":[58],"tags":[],"class_list":["post-39928","post","type-post","status-publish","format-standard","has-post-thumbnail","hentry","category-cotidiano"],"distributor_meta":false,"distributor_terms":false,"distributor_media":false,"distributor_original_site_name":"Noticias em Destaque","distributor_original_site_url":"https:\/\/noticiasdestaque.com.br","push-errors":false,"_links":{"self":[{"href":"https:\/\/noticiasdestaque.com.br\/index.php\/wp-json\/wp\/v2\/posts\/39928","targetHints":{"allow":["GET"]}}],"collection":[{"href":"https:\/\/noticiasdestaque.com.br\/index.php\/wp-json\/wp\/v2\/posts"}],"about":[{"href":"https:\/\/noticiasdestaque.com.br\/index.php\/wp-json\/wp\/v2\/types\/post"}],"author":[{"embeddable":true,"href":"https:\/\/noticiasdestaque.com.br\/index.php\/wp-json\/wp\/v2\/users\/1"}],"replies":[{"embeddable":true,"href":"https:\/\/noticiasdestaque.com.br\/index.php\/wp-json\/wp\/v2\/comments?post=39928"}],"version-history":[{"count":0,"href":"https:\/\/noticiasdestaque.com.br\/index.php\/wp-json\/wp\/v2\/posts\/39928\/revisions"}],"wp:featuredmedia":[{"embeddable":true,"href":"https:\/\/noticiasdestaque.com.br\/index.php\/wp-json\/wp\/v2\/media\/39929"}],"wp:attachment":[{"href":"https:\/\/noticiasdestaque.com.br\/index.php\/wp-json\/wp\/v2\/media?parent=39928"}],"wp:term":[{"taxonomy":"category","embeddable":true,"href":"https:\/\/noticiasdestaque.com.br\/index.php\/wp-json\/wp\/v2\/categories?post=39928"},{"taxonomy":"post_tag","embeddable":true,"href":"https:\/\/noticiasdestaque.com.br\/index.php\/wp-json\/wp\/v2\/tags?post=39928"}],"curies":[{"name":"wp","href":"https:\/\/api.w.org\/{rel}","templated":true}]}}