{"id":39906,"date":"2024-11-19T18:00:00","date_gmt":"2024-11-19T21:00:00","guid":{"rendered":"https:\/\/noticiasdestaque.com.br\/index.php\/2024\/11\/19\/previsao-do-tempo-frente-fria-traz-chuva-para-o-norte\/"},"modified":"2024-11-19T18:00:00","modified_gmt":"2024-11-19T21:00:00","slug":"previsao-do-tempo-frente-fria-traz-chuva-para-o-norte","status":"publish","type":"post","link":"https:\/\/noticiasdestaque.com.br\/index.php\/2024\/11\/19\/previsao-do-tempo-frente-fria-traz-chuva-para-o-norte\/","title":{"rendered":"PREVIS\u00c3O DO TEMPO: Frente fria traz chuva para o Norte"},"content":{"rendered":"<p>\t\t\t\t\t\t\t\t\t\t<audio controls class=\"b61_audio_player\" data-noticia=\"78591\" src=\"https:\/\/brasil61.com\/rails\/active_storage\/blobs\/eyJfcmFpbHMiOnsibWVzc2FnZSI6IkJBaHBBODRTQXc9PSIsImV4cCI6bnVsbCwicHVyIjoiYmxvYl9pZCJ9fQ==--c168fd79210cd50f2449c00325dd459854b81417\/PTRN244252A\"><\/audio><\/p>\n<p>Mais um dia marcado pela chuva nos estados da Regi\u00e3o Norte. Uma frente fria que avan\u00e7a pelo sul do pa\u00eds deixa todo o oeste brasileiro com alerta para chuvas fortes e ventos nesta quarta-feira (20). O maior volume \u00e9 previsto para o Acre, Amazonas, Rond\u00f4nia, sul do Par\u00e1 e do Tocantins. O Inmet emitiu um alerta de perigo potencial para essas regi\u00f5es, com ventos fortes e at\u00e9 50 mm de chuva previstos para o dia.\u00a0<\/p>\n<p>O \u00fanico estado que fica fora da zona de risco \u00e9 o Amap\u00e1, onde n\u00e3o h\u00e1 previs\u00e3o de chuva. No nordeste do Par\u00e1 tamb\u00e9m faz sol. Roraima e leste de Tocantins ficam fora da zona de alerta, mas tamb\u00e9m t\u00eam chuvas previstas.<\/p>\n<p>Rio Branco (AC) e Manaus (AM) ter\u00e3o uma quarta-feira de tempo com pancadas de chuva isoladas,\u00a0trovoadas e m\u00e1ximas de 32\u00baC e 36\u00baC, respectivamente. Em Macap\u00e1 e Bel\u00e9m a m\u00e1xima ser\u00e1 de 34\u00baC e em Palmas (TO) fica entre 23\u00baC e 33 \u00b0C.\u00a0<\/p>\n<p>As informa\u00e7\u00f5es s\u00e3o do Inmet<\/p>\n<p>\n\u00a0<\/p>\n<p>\t\t\t\t\t\t\t\t\t<img loading=\"lazy\" decoding=\"async\" src=\"https:\/\/brasil61.com\/api\/v1\/serve_pixel\/17677\/78591\" alt=\"Pixel Brasil 61\" class=\"b61_pixel\" width=\"0\" height=\"0\"><\/p>\n<input type=\"hidden\" id=\"baseurl\" value=\"https:\/\/noticiasdestaque.com.br\"><input type=\"hidden\" id=\"audio_nonce\" value=\"eb7638fb71\">","protected":false},"excerpt":{"rendered":"<p>Alerta de chuvas intensas atinge AM, AC, RO, PA e TO<\/p>\n","protected":false},"author":1,"featured_media":39907,"comment_status":"open","ping_status":"open","sticky":false,"template":"","format":"standard","meta":{"fifu_image_url":"","fifu_image_alt":"","footnotes":""},"categories":[58],"tags":[],"class_list":["post-39906","post","type-post","status-publish","format-standard","has-post-thumbnail","hentry","category-cotidiano"],"distributor_meta":false,"distributor_terms":false,"distributor_media":false,"distributor_original_site_name":"Noticias em Destaque","distributor_original_site_url":"https:\/\/noticiasdestaque.com.br","push-errors":false,"_links":{"self":[{"href":"https:\/\/noticiasdestaque.com.br\/index.php\/wp-json\/wp\/v2\/posts\/39906","targetHints":{"allow":["GET"]}}],"collection":[{"href":"https:\/\/noticiasdestaque.com.br\/index.php\/wp-json\/wp\/v2\/posts"}],"about":[{"href":"https:\/\/noticiasdestaque.com.br\/index.php\/wp-json\/wp\/v2\/types\/post"}],"author":[{"embeddable":true,"href":"https:\/\/noticiasdestaque.com.br\/index.php\/wp-json\/wp\/v2\/users\/1"}],"replies":[{"embeddable":true,"href":"https:\/\/noticiasdestaque.com.br\/index.php\/wp-json\/wp\/v2\/comments?post=39906"}],"version-history":[{"count":0,"href":"https:\/\/noticiasdestaque.com.br\/index.php\/wp-json\/wp\/v2\/posts\/39906\/revisions"}],"wp:featuredmedia":[{"embeddable":true,"href":"https:\/\/noticiasdestaque.com.br\/index.php\/wp-json\/wp\/v2\/media\/39907"}],"wp:attachment":[{"href":"https:\/\/noticiasdestaque.com.br\/index.php\/wp-json\/wp\/v2\/media?parent=39906"}],"wp:term":[{"taxonomy":"category","embeddable":true,"href":"https:\/\/noticiasdestaque.com.br\/index.php\/wp-json\/wp\/v2\/categories?post=39906"},{"taxonomy":"post_tag","embeddable":true,"href":"https:\/\/noticiasdestaque.com.br\/index.php\/wp-json\/wp\/v2\/tags?post=39906"}],"curies":[{"name":"wp","href":"https:\/\/api.w.org\/{rel}","templated":true}]}}