{"id":39898,"date":"2024-11-18T18:00:00","date_gmt":"2024-11-18T21:00:00","guid":{"rendered":"https:\/\/noticiasdestaque.com.br\/index.php\/2024\/11\/18\/previsao-do-tempo-ceu-com-muitas-nuvens-em-quase-todo-sudeste-nesta-terca-feira-19\/"},"modified":"2024-11-18T18:00:00","modified_gmt":"2024-11-18T21:00:00","slug":"previsao-do-tempo-ceu-com-muitas-nuvens-em-quase-todo-sudeste-nesta-terca-feira-19","status":"publish","type":"post","link":"https:\/\/noticiasdestaque.com.br\/index.php\/2024\/11\/18\/previsao-do-tempo-ceu-com-muitas-nuvens-em-quase-todo-sudeste-nesta-terca-feira-19\/","title":{"rendered":"PREVIS\u00c3O DO TEMPO: C\u00e9u com muitas nuvens em quase todo Sudeste nesta ter\u00e7a-feira (19)"},"content":{"rendered":"<p>\t\t\t\t\t\t\t\t\t\t<audio controls class=\"b61_audio_player\" data-noticia=\"78580\" src=\"https:\/\/brasil61.com\/rails\/active_storage\/blobs\/eyJfcmFpbHMiOnsibWVzc2FnZSI6IkJBaHBBNlFTQXc9PSIsImV4cCI6bnVsbCwicHVyIjoiYmxvYl9pZCJ9fQ==--4f9f43789aa36587905c6878fb772833ed272a47\/PTSD243885A\"><\/audio><\/p>\n<p>A ter\u00e7a-feira (19) no Sudeste do pa\u00eds ter\u00e1 c\u00e9u com muitas nuvens em quase todos os estados.\u00a0<\/p>\n<p>A previs\u00e3o \u00e9 de chuva para Minas Gerais e Esp\u00edrito Santo, com alerta de chuvas intensas de perigo potencial. As regi\u00f5es afetadas em Minas s\u00e3o o norte e o noroeste mineiro. No estado capixaba o alerta serve para as regi\u00f5es noroeste e litoral norte esp\u00edrito-santense.\u00a0<\/p>\n<p>Para a regi\u00e3o central e leste de Minas a previs\u00e3o \u00e9 de muitas nuvens com pancadas de chuva e trovoadas isoladas.\u00a0<\/p>\n<p>Para Rio de Janeiro e S\u00e3o Paulo a previs\u00e3o \u00e9 de c\u00e9u com muitas nuvens ao lodo do dia.\u00a0<\/p>\n<p>Entre as capitais, a temperatura m\u00ednima prevista \u00e9 de 16\u00b0C, em S\u00e3o Paulo. J\u00e1 a m\u00e1xima pode chegar a 31\u00b0C, no Rio de Janeiro e em Vit\u00f3ria. A umidade relativa do ar varia entre 35% e 100%.<\/p>\n<p>As informa\u00e7\u00f5es s\u00e3o do Instituto Nacional de Meteorologia. \u00a0<\/p>\n<p>\u00a0<\/p>\n<p>\t\t\t\t\t\t\t\t\t<img loading=\"lazy\" decoding=\"async\" src=\"https:\/\/brasil61.com\/api\/v1\/serve_pixel\/17677\/78580\" alt=\"Pixel Brasil 61\" class=\"b61_pixel\" width=\"0\" height=\"0\"><\/p>\n<input type=\"hidden\" id=\"baseurl\" value=\"https:\/\/noticiasdestaque.com.br\"><input type=\"hidden\" id=\"audio_nonce\" value=\"581f3017e1\">","protected":false},"excerpt":{"rendered":"<p>A previs\u00e3o \u00e9 de chuva para MG e ES, com alerta de chuvas intensas de perigo potencial<\/p>\n","protected":false},"author":1,"featured_media":39899,"comment_status":"open","ping_status":"open","sticky":false,"template":"","format":"standard","meta":{"fifu_image_url":"","fifu_image_alt":"","footnotes":""},"categories":[58],"tags":[],"class_list":["post-39898","post","type-post","status-publish","format-standard","has-post-thumbnail","hentry","category-cotidiano"],"distributor_meta":false,"distributor_terms":false,"distributor_media":false,"distributor_original_site_name":"Noticias em Destaque","distributor_original_site_url":"https:\/\/noticiasdestaque.com.br","push-errors":false,"_links":{"self":[{"href":"https:\/\/noticiasdestaque.com.br\/index.php\/wp-json\/wp\/v2\/posts\/39898","targetHints":{"allow":["GET"]}}],"collection":[{"href":"https:\/\/noticiasdestaque.com.br\/index.php\/wp-json\/wp\/v2\/posts"}],"about":[{"href":"https:\/\/noticiasdestaque.com.br\/index.php\/wp-json\/wp\/v2\/types\/post"}],"author":[{"embeddable":true,"href":"https:\/\/noticiasdestaque.com.br\/index.php\/wp-json\/wp\/v2\/users\/1"}],"replies":[{"embeddable":true,"href":"https:\/\/noticiasdestaque.com.br\/index.php\/wp-json\/wp\/v2\/comments?post=39898"}],"version-history":[{"count":0,"href":"https:\/\/noticiasdestaque.com.br\/index.php\/wp-json\/wp\/v2\/posts\/39898\/revisions"}],"wp:featuredmedia":[{"embeddable":true,"href":"https:\/\/noticiasdestaque.com.br\/index.php\/wp-json\/wp\/v2\/media\/39899"}],"wp:attachment":[{"href":"https:\/\/noticiasdestaque.com.br\/index.php\/wp-json\/wp\/v2\/media?parent=39898"}],"wp:term":[{"taxonomy":"category","embeddable":true,"href":"https:\/\/noticiasdestaque.com.br\/index.php\/wp-json\/wp\/v2\/categories?post=39898"},{"taxonomy":"post_tag","embeddable":true,"href":"https:\/\/noticiasdestaque.com.br\/index.php\/wp-json\/wp\/v2\/tags?post=39898"}],"curies":[{"name":"wp","href":"https:\/\/api.w.org\/{rel}","templated":true}]}}