{"id":39892,"date":"2024-11-19T04:00:00","date_gmt":"2024-11-19T07:00:00","guid":{"rendered":"https:\/\/noticiasdestaque.com.br\/index.php\/2024\/11\/19\/a-espera-de-anuncio-sobre-cortes-dolar-cai-a-r-574\/"},"modified":"2024-11-19T04:00:00","modified_gmt":"2024-11-19T07:00:00","slug":"a-espera-de-anuncio-sobre-cortes-dolar-cai-a-r-574","status":"publish","type":"post","link":"https:\/\/noticiasdestaque.com.br\/index.php\/2024\/11\/19\/a-espera-de-anuncio-sobre-cortes-dolar-cai-a-r-574\/","title":{"rendered":"\u00c0 espera de an\u00fancio sobre cortes, d\u00f3lar cai a R$ 5,74"},"content":{"rendered":"<p>\t\t\t\t\t\t\t\t\t\t<audio controls class=\"b61_audio_player\" data-noticia=\"78571\" src=\"https:\/\/brasil61.com\/rails\/active_storage\/blobs\/eyJfcmFpbHMiOnsibWVzc2FnZSI6IkJBaHBBNjBTQXc9PSIsImV4cCI6bnVsbCwicHVyIjoiYmxvYl9pZCJ9fQ==--1104358fd1dbdf16e22e33f73c9d935024afdace\/BRAS2413026A\"><\/audio><\/p>\n<p>O d\u00f3lar comercial come\u00e7a esta ter\u00e7a-feira (19) em queda de 0,65% cotado a R$ 5,74. O euro, tamb\u00e9m em queda, R$ 6,09.\u00a0<\/p>\n<p>No cen\u00e1rio externo a moeda americana, que vinha se fortalecendo mundialmente, come\u00e7a a entrar num movimento de corre\u00e7\u00e3o e a perder valor frente a outras divisas de pa\u00edses emergentes.\u00a0<\/p>\n<p>J\u00e1 no cen\u00e1rio interno, a influ\u00eancia mais forte sobre o d\u00f3lar ainda \u00e9 a expectativa que o mercado vem criando sobre o an\u00fancio que o governo deve fazer sobre os cortes de gastos p\u00fablicos. O ministro da Fazenda Fernando Haddad disse hoje que o pacote est\u00e1 pronto, dependendo apenas de pequenos ajustes para ser anunciado.\u00a0<\/p>\n<p>\t\t\t\t\t\t\t\t\t<img loading=\"lazy\" decoding=\"async\" src=\"https:\/\/brasil61.com\/api\/v1\/serve_pixel\/17677\/78571\" alt=\"Pixel Brasil 61\" class=\"b61_pixel\" width=\"0\" height=\"0\"><\/p>\n<input type=\"hidden\" id=\"baseurl\" value=\"https:\/\/noticiasdestaque.com.br\"><input type=\"hidden\" id=\"audio_nonce\" value=\"eb7638fb71\">","protected":false},"excerpt":{"rendered":"<p>No cen\u00e1rio externo a moeda americana fechou a segunda-feira perdendo valor <\/p>\n","protected":false},"author":1,"featured_media":39893,"comment_status":"open","ping_status":"open","sticky":false,"template":"","format":"standard","meta":{"fifu_image_url":"","fifu_image_alt":"","footnotes":""},"categories":[59],"tags":[],"class_list":["post-39892","post","type-post","status-publish","format-standard","has-post-thumbnail","hentry","category-economia"],"distributor_meta":false,"distributor_terms":false,"distributor_media":false,"distributor_original_site_name":"Noticias em Destaque","distributor_original_site_url":"https:\/\/noticiasdestaque.com.br","push-errors":false,"_links":{"self":[{"href":"https:\/\/noticiasdestaque.com.br\/index.php\/wp-json\/wp\/v2\/posts\/39892","targetHints":{"allow":["GET"]}}],"collection":[{"href":"https:\/\/noticiasdestaque.com.br\/index.php\/wp-json\/wp\/v2\/posts"}],"about":[{"href":"https:\/\/noticiasdestaque.com.br\/index.php\/wp-json\/wp\/v2\/types\/post"}],"author":[{"embeddable":true,"href":"https:\/\/noticiasdestaque.com.br\/index.php\/wp-json\/wp\/v2\/users\/1"}],"replies":[{"embeddable":true,"href":"https:\/\/noticiasdestaque.com.br\/index.php\/wp-json\/wp\/v2\/comments?post=39892"}],"version-history":[{"count":0,"href":"https:\/\/noticiasdestaque.com.br\/index.php\/wp-json\/wp\/v2\/posts\/39892\/revisions"}],"wp:featuredmedia":[{"embeddable":true,"href":"https:\/\/noticiasdestaque.com.br\/index.php\/wp-json\/wp\/v2\/media\/39893"}],"wp:attachment":[{"href":"https:\/\/noticiasdestaque.com.br\/index.php\/wp-json\/wp\/v2\/media?parent=39892"}],"wp:term":[{"taxonomy":"category","embeddable":true,"href":"https:\/\/noticiasdestaque.com.br\/index.php\/wp-json\/wp\/v2\/categories?post=39892"},{"taxonomy":"post_tag","embeddable":true,"href":"https:\/\/noticiasdestaque.com.br\/index.php\/wp-json\/wp\/v2\/tags?post=39892"}],"curies":[{"name":"wp","href":"https:\/\/api.w.org\/{rel}","templated":true}]}}