{"id":39884,"date":"2024-11-18T00:02:00","date_gmt":"2024-11-18T03:02:00","guid":{"rendered":"https:\/\/noticiasdestaque.com.br\/index.php\/2024\/11\/18\/escala-6x1-que-setores-serao-mais-afetados-pelas-mudancas-propostas\/"},"modified":"2024-11-18T00:02:00","modified_gmt":"2024-11-18T03:02:00","slug":"escala-6x1-que-setores-serao-mais-afetados-pelas-mudancas-propostas","status":"publish","type":"post","link":"https:\/\/noticiasdestaque.com.br\/index.php\/2024\/11\/18\/escala-6x1-que-setores-serao-mais-afetados-pelas-mudancas-propostas\/","title":{"rendered":"Escala 6&#215;1: que setores ser\u00e3o mais afetados pelas mudan\u00e7as propostas?"},"content":{"rendered":"<p>\t\t\t\t\t\t\t\t\t\t<audio controls class=\"b61_audio_player\" data-noticia=\"78547\" src=\"https:\/\/brasil61.com\/rails\/active_storage\/blobs\/eyJfcmFpbHMiOnsibWVzc2FnZSI6IkJBaHBBd29TQXc9PSIsImV4cCI6bnVsbCwicHVyIjoiYmxvYl9pZCJ9fQ==--1bac1881db1d7cb79e309407fa79f09384e8a40c\/BRAS2413021A\"><\/audio><\/p>\n<p>Os debates sobre a Proposta de Emenda \u00e0 Constitui\u00e7\u00e3o que pretende reduzir a carga hor\u00e1ria de trabalho de 44 para 36 horas semanais seguem em evid\u00eancia no Congresso Nacional. Ap\u00f3s o n\u00famero m\u00ednimo de assinaturas de parlamentares ser atingido, o texto j\u00e1 pode tramitar. As discuss\u00f5es sobre os formatos de escala j\u00e1 tiveram in\u00edcio, mas \u00e9 importante questionar um\u00a0ponto: afinal, que setores ser\u00e3o mais afetados por essa medida?\u00a0<\/p>\n<p>Na avalia\u00e7\u00e3o do presidente do Sindicato dos Economistas de S\u00e3o Paulo, Carlos Oliveira Jr., a mudan\u00e7a afeta, sobretudo, os segmentos que funcionam de forma cont\u00ednua, como \u00e1reas do setor de Com\u00e9rcio, por exemplo. Al\u00e9m desses, o especialista destaca \u00e1reas do setor de Servi\u00e7os que tamb\u00e9m utilizam a escala 6&#215;1 para manter as opera\u00e7\u00f5es todos os dias da semana, como hot\u00e9is, restaurantes, padarias, transporte e log\u00edstica.\u00a0<\/p>\n<p>Ele tamb\u00e9m considera algumas profiss\u00f5es espec\u00edficas. \u201cOperadores de caixa, repositores de supermercado, balconistas, trabalhadores de limpeza, seguran\u00e7a, profissionais de sa\u00fade, enfermeiros, t\u00e9cnicos de\u00a0enfermagem, funcion\u00e1rios de transporte, pessoal que d\u00e1 suporte em n\u00edvel de tecnologia, em banco\u00a0e atendimento tamb\u00e9m\u201d, pontua.\u00a0<\/p>\n<h2>Empregos nos setores mais afetados<\/h2>\n<p>Dados da Pesquisa Anual do Com\u00e9rcio de 2022 do IBGE &#8211; divulgada neste ano, revelam que 10,3 milh\u00f5es de pessoas estavam empregadas em empresas do setor de Com\u00e9rcio em 2022. Desse total, 7,6 milh\u00f5es atuavam no varejo e 1,9 milh\u00e3o no atacado. Quanto ao setor hoteleiro, de eventos e turismo a soma \u00e9 de 3,7 milh\u00f5es de profissionais, de acordo com dados da Associa\u00e7\u00e3o Brasileira da Ind\u00fastria de Hot\u00e9is (ABIH). \u00a0<\/p>\n<p><a href=\"https:\/\/brasil61.com\/n\/escala-6x1-uma-nova-era-ou-risco-para-as-relacoes-trabalhistas-bras2412993\" target=\"_blank\">Escala 6&#215;1: uma nova era ou risco para as rela\u00e7\u00f5es trabalhistas?<\/a><\/p>\n<p>Oliveira Jr. afirma que a proposta apresenta alguns pontos positivos para o empregado, como mais horas de descanso, por exemplo, mas ele tamb\u00e9m enxerga desafios para empresas que v\u00e3o precisar elevar despesas, o que pode ser repassado ao consumidor final. \u00a0<\/p>\n<p>\u201cEla [empresa] tem que contratar mais pessoas para ocupar esse per\u00edodo. E a\u00ed vai elevar os custos. Pode impactar com rela\u00e7\u00e3o a pre\u00e7o, como varejo, hospitalidade, onde a contrata\u00e7\u00e3o de novos trabalhadores ou pagamento de horas extra pode ser um desafio financeiro. Para empresa de menor porte, a mudan\u00e7a pode ser invi\u00e1vel, pois, al\u00e9m do custo adicional, h\u00e1 o desafio de adaptar escalas e gerir equipe maior\u201d, explica.\u00a0<\/p>\n<h2>Sal\u00e1rio dos setores mais afetados\u00a0<\/h2>\n<p>Ainda de acordo com o IBGE, a m\u00e9dia salarial do setor de Servi\u00e7os foi de 2,3 sal\u00e1rios m\u00ednimos mensais, em 2022. Ao se considerar o sal\u00e1rio m\u00ednimo daquele ano, o valor total equivale a R$ 2.787,60. Em rela\u00e7\u00e3o ao Com\u00e9rcio, a remunera\u00e7\u00e3o chegou a uma m\u00e9dia de 2,4 sal\u00e1rios m\u00ednimos.\u00a0<\/p>\n<p>A proposta conta com, pelo menos, 171 assinaturas de deputados para come\u00e7ar a tramitar. A mudan\u00e7a pode ter forte impacto sobre os direitos trabalhistas no Brasil, que s\u00e3o historicamente protegidos por uma legisla\u00e7\u00e3o robusta.\u00a0<\/p>\n<p>A Consolida\u00e7\u00e3o das Leis do Trabalho (CLT) j\u00e1 estabelece um limite para a jornada semanal de trabalho de 44 horas, com um descanso m\u00ednimo de 24 horas consecutivas. Embora a CLT permita certas flexibiliza\u00e7\u00f5es \u2014 como escalas alternativas de trabalho e pagamento por hora. Mas para Barbosa, o cen\u00e1rio mais dr\u00e1stico da mudan\u00e7a, caso a PEC venha a ser aprovada, seria o aumento da informalidade e do desemprego. \u00a0<br \/>\n\u00a0<\/p>\n<p>\t\t\t\t\t\t\t\t\t<img loading=\"lazy\" decoding=\"async\" src=\"https:\/\/brasil61.com\/api\/v1\/serve_pixel\/17677\/78547\" alt=\"Pixel Brasil 61\" class=\"b61_pixel\" width=\"0\" height=\"0\"><\/p>\n<input type=\"hidden\" id=\"baseurl\" value=\"https:\/\/noticiasdestaque.com.br\"><input type=\"hidden\" id=\"audio_nonce\" value=\"581f3017e1\">","protected":false},"excerpt":{"rendered":"<p>Na avalia\u00e7\u00e3o do presidente do Sindicato dos Economistas de S\u00e3o Paulo, Carlos Oliveira Jr., a proposta impacta, sobretudo, os segmentos que funcionam de forma cont\u00ednua, como \u00e1reas do setor de Com\u00e9rcio<\/p>\n","protected":false},"author":1,"featured_media":39885,"comment_status":"open","ping_status":"open","sticky":false,"template":"","format":"standard","meta":{"fifu_image_url":"","fifu_image_alt":"","footnotes":""},"categories":[59],"tags":[],"class_list":["post-39884","post","type-post","status-publish","format-standard","has-post-thumbnail","hentry","category-economia"],"distributor_meta":false,"distributor_terms":false,"distributor_media":false,"distributor_original_site_name":"Noticias em Destaque","distributor_original_site_url":"https:\/\/noticiasdestaque.com.br","push-errors":false,"_links":{"self":[{"href":"https:\/\/noticiasdestaque.com.br\/index.php\/wp-json\/wp\/v2\/posts\/39884","targetHints":{"allow":["GET"]}}],"collection":[{"href":"https:\/\/noticiasdestaque.com.br\/index.php\/wp-json\/wp\/v2\/posts"}],"about":[{"href":"https:\/\/noticiasdestaque.com.br\/index.php\/wp-json\/wp\/v2\/types\/post"}],"author":[{"embeddable":true,"href":"https:\/\/noticiasdestaque.com.br\/index.php\/wp-json\/wp\/v2\/users\/1"}],"replies":[{"embeddable":true,"href":"https:\/\/noticiasdestaque.com.br\/index.php\/wp-json\/wp\/v2\/comments?post=39884"}],"version-history":[{"count":0,"href":"https:\/\/noticiasdestaque.com.br\/index.php\/wp-json\/wp\/v2\/posts\/39884\/revisions"}],"wp:featuredmedia":[{"embeddable":true,"href":"https:\/\/noticiasdestaque.com.br\/index.php\/wp-json\/wp\/v2\/media\/39885"}],"wp:attachment":[{"href":"https:\/\/noticiasdestaque.com.br\/index.php\/wp-json\/wp\/v2\/media?parent=39884"}],"wp:term":[{"taxonomy":"category","embeddable":true,"href":"https:\/\/noticiasdestaque.com.br\/index.php\/wp-json\/wp\/v2\/categories?post=39884"},{"taxonomy":"post_tag","embeddable":true,"href":"https:\/\/noticiasdestaque.com.br\/index.php\/wp-json\/wp\/v2\/tags?post=39884"}],"curies":[{"name":"wp","href":"https:\/\/api.w.org\/{rel}","templated":true}]}}