{"id":39880,"date":"2024-11-17T00:01:00","date_gmt":"2024-11-17T03:01:00","guid":{"rendered":"https:\/\/noticiasdestaque.com.br\/index.php\/2024\/11\/17\/reforma-tributaria-como-fica-o-planejamento-das-empresas-para-2025\/"},"modified":"2024-11-17T00:01:00","modified_gmt":"2024-11-17T03:01:00","slug":"reforma-tributaria-como-fica-o-planejamento-das-empresas-para-2025","status":"publish","type":"post","link":"https:\/\/noticiasdestaque.com.br\/index.php\/2024\/11\/17\/reforma-tributaria-como-fica-o-planejamento-das-empresas-para-2025\/","title":{"rendered":"Reforma Tribut\u00e1ria: como fica o planejamento das empresas para 2025"},"content":{"rendered":"<p>\t\t\t\t\t\t\t\t\t\t<audio controls class=\"b61_audio_player\" data-noticia=\"78539\" src=\"https:\/\/brasil61.com\/rails\/active_storage\/blobs\/eyJfcmFpbHMiOnsibWVzc2FnZSI6IkJBaHBBL1FSQXc9PSIsImV4cCI6bnVsbCwicHVyIjoiYmxvYl9pZCJ9fQ==--30df57ca5d933fc4717ad92b6b3cd2c10766331b\/BRAS2413018A\"><\/audio><\/p>\n<p>A expectativa das empresas \u00e9 grande, assim como as mudan\u00e7as previstas pela reforma tribut\u00e1ria, que em 2025 j\u00e1 come\u00e7a a provocar as primeiras altera\u00e7\u00f5es no sistema de impostos no pa\u00eds. Simplifica\u00e7\u00e3o, aumento da transpar\u00eancia e distribui\u00e7\u00e3o mais justa dos tributos s\u00e3o alguns dos objetivos da transforma\u00e7\u00e3o do sistema \u2014 esperada h\u00e1 30 anos.\u00a0<\/p>\n<p>Para as empresas, a promessa \u00e9 de um ambiente tribut\u00e1rio mais previs\u00edvel e eficiente. As mudan\u00e7as devem estimular investimentos e promover o crescimento econ\u00f4mico. Mas at\u00e9 que a reforma seja conclu\u00edda, haver\u00e1 um per\u00edodo de transi\u00e7\u00e3o. E as empresas precisam prestar\u00a0aten\u00e7\u00e3o \u00e0s primeiras altera\u00e7\u00f5es.<\/p>\n<h2>O que muda em 2025<\/h2>\n<p>Mudan\u00e7as, de fato, n\u00e3o come\u00e7ar\u00e3o a valer no pr\u00f3ximo ano. Mas o advogado tributarista Edison Fernandes explica que 2025 ser\u00e1 um ano de prepara\u00e7\u00e3o.\u00a0\u201cMuitas mudan\u00e7as tribut\u00e1rias que n\u00f3s estamos vendo agora \u2014 e que devem ser aprovadas at\u00e9 o fim deste ano \u2014 est\u00e3o relacionadas \u00e0 reforma tribut\u00e1ria. E a reforma tribut\u00e1ria come\u00e7a a produzir efeito e a ser aplicada em 2026. Ent\u00e3o, as empresas ter\u00e3o o ano de 2025 para se preparar para essas mudan\u00e7as.\u201d<\/p>\n<p>O especialista ainda ressalta que existem outras altera\u00e7\u00f5es cont\u00e1beis que v\u00e3o impactar a apura\u00e7\u00e3o dos tributos. \u201cA primeira delas \u00e9 a Demonstra\u00e7\u00e3o do Resultado do Exerc\u00edcio (DRE) \u2014 \u00a0a forma como as empresas v\u00e3o apresentar seu lucro ou preju\u00edzo. E essa norma passa a ser obrigat\u00f3ria a partir de 2027.\u201d\u00a0<\/p>\n<p>Como se trata\u00a0de uma norma que traz uma mudan\u00e7a significativa, \u00e9 importante que as empresas comecem desde j\u00e1 a se preparar para ela, avalia Fernandes.\u00a0<\/p>\n<p>A forma de apresenta\u00e7\u00e3o do lucro ou preju\u00edzo das empresas\u00a0tamb\u00e9m impacta na forma de preenchimento de obriga\u00e7\u00f5es de declara\u00e7\u00f5es para Receita Federal, avalia\u00e7\u00e3o se h\u00e1 ou n\u00e3o lucro, possibilidade de aproveitamento de algum cr\u00e9dito ou despesa.\u00a0<\/p>\n<p>\u201cA mudan\u00e7a cont\u00e1bil n\u00e3o muda o imposto em si, mas ela pode mostrar algumas quest\u00f5es relacionadas \u00e0 mat\u00e9ria tribut\u00e1ria que v\u00e3o merecer estudo e planejamento\u201d, avalia.\u00a0<br \/>\n\u00a0<\/p>\n<p>\t\t\t\t\t\t\t\t\t<img loading=\"lazy\" decoding=\"async\" src=\"https:\/\/brasil61.com\/api\/v1\/serve_pixel\/17677\/78539\" alt=\"Pixel Brasil 61\" class=\"b61_pixel\" width=\"0\" height=\"0\"><\/p>\n<input type=\"hidden\" id=\"baseurl\" value=\"https:\/\/noticiasdestaque.com.br\"><input type=\"hidden\" id=\"audio_nonce\" value=\"6a24ca502e\">","protected":false},"excerpt":{"rendered":"<p>A reforma em si s\u00f3 come\u00e7a a valer em 2026, mas mudan\u00e7as cont\u00e1beis que entrar\u00e3o em vigor no ano que vem j\u00e1 dever\u00e3o impactar a forma de trabalho das empresas <\/p>\n","protected":false},"author":1,"featured_media":0,"comment_status":"open","ping_status":"open","sticky":false,"template":"","format":"standard","meta":{"fifu_image_url":"","fifu_image_alt":"","footnotes":""},"categories":[59],"tags":[],"class_list":["post-39880","post","type-post","status-publish","format-standard","hentry","category-economia"],"distributor_meta":false,"distributor_terms":false,"distributor_media":false,"distributor_original_site_name":"Noticias em Destaque","distributor_original_site_url":"https:\/\/noticiasdestaque.com.br","push-errors":false,"_links":{"self":[{"href":"https:\/\/noticiasdestaque.com.br\/index.php\/wp-json\/wp\/v2\/posts\/39880","targetHints":{"allow":["GET"]}}],"collection":[{"href":"https:\/\/noticiasdestaque.com.br\/index.php\/wp-json\/wp\/v2\/posts"}],"about":[{"href":"https:\/\/noticiasdestaque.com.br\/index.php\/wp-json\/wp\/v2\/types\/post"}],"author":[{"embeddable":true,"href":"https:\/\/noticiasdestaque.com.br\/index.php\/wp-json\/wp\/v2\/users\/1"}],"replies":[{"embeddable":true,"href":"https:\/\/noticiasdestaque.com.br\/index.php\/wp-json\/wp\/v2\/comments?post=39880"}],"version-history":[{"count":0,"href":"https:\/\/noticiasdestaque.com.br\/index.php\/wp-json\/wp\/v2\/posts\/39880\/revisions"}],"wp:attachment":[{"href":"https:\/\/noticiasdestaque.com.br\/index.php\/wp-json\/wp\/v2\/media?parent=39880"}],"wp:term":[{"taxonomy":"category","embeddable":true,"href":"https:\/\/noticiasdestaque.com.br\/index.php\/wp-json\/wp\/v2\/categories?post=39880"},{"taxonomy":"post_tag","embeddable":true,"href":"https:\/\/noticiasdestaque.com.br\/index.php\/wp-json\/wp\/v2\/tags?post=39880"}],"curies":[{"name":"wp","href":"https:\/\/api.w.org\/{rel}","templated":true}]}}