{"id":39876,"date":"2024-11-14T01:11:00","date_gmt":"2024-11-14T04:11:00","guid":{"rendered":"https:\/\/noticiasdestaque.com.br\/index.php\/2024\/11\/14\/apos-falas-de-haddad-ibovespa-fecha-em-ligeira-alta-de-003\/"},"modified":"2024-11-14T01:11:00","modified_gmt":"2024-11-14T04:11:00","slug":"apos-falas-de-haddad-ibovespa-fecha-em-ligeira-alta-de-003","status":"publish","type":"post","link":"https:\/\/noticiasdestaque.com.br\/index.php\/2024\/11\/14\/apos-falas-de-haddad-ibovespa-fecha-em-ligeira-alta-de-003\/","title":{"rendered":"Ap\u00f3s falas de Haddad, Ibovespa fecha em ligeira alta de 0,03%"},"content":{"rendered":"<p>\t\t\t\t\t\t\t\t\t\t<audio controls class=\"b61_audio_player\" data-noticia=\"78524\" src=\"https:\/\/brasil61.com\/rails\/active_storage\/blobs\/eyJfcmFpbHMiOnsibWVzc2FnZSI6IkJBaHBBOHdSQXc9PSIsImV4cCI6bnVsbCwicHVyIjoiYmxvYl9pZCJ9fQ==--869a7fe45b79968ad610bc2718df89f5a3371dbc\/BRAS2413011A\"><\/audio><\/p>\n<p>A bolsa de valores brasileira fechou a quarta-feira (13) em leve alta de 0,03% aos 127.733 pontos. O dia foi de grandes viradas, j\u00e1 que come\u00e7ou em queda\u00a0mas, ap\u00f3s o an\u00fancio do ministro da Fazenda Fernando Haddad sobre o corte de gastos do governo, o jogo virou e a bolsa de valores brasileira subiu levemente, recuperando f\u00f4lego.\u00a0<\/p>\n<p>Haddad j\u00e1 adiantou que o an\u00fancio n\u00e3o ser\u00e1 feito esta semana, em fun\u00e7\u00e3o do feriado de sexta, mas afirmou que ser\u00e1 um corte expressivo e refor\u00e7ou o compromisso do pa\u00eds em manter as regras fiscais estabelecidas no ano passado.\u00a0<\/p>\n<p>Em forte queda, as a\u00e7\u00f5es da Hapvida se destacam com perdas de 6,34%. CSN tamb\u00e9m caiu 3,97%. J\u00e1 a CVC subiu 2,36% e a Embraer teve forte alta de 4,73%.<\/p>\n<p>Os dados da bolsa de valores brasileira podem ser consultados no site da B3.<\/p>\n<p>\n\u00a0<\/p>\n<p>\t\t\t\t\t\t\t\t\t<img loading=\"lazy\" decoding=\"async\" src=\"https:\/\/brasil61.com\/api\/v1\/serve_pixel\/17677\/78524\" alt=\"Pixel Brasil 61\" class=\"b61_pixel\" width=\"0\" height=\"0\"><\/p>\n<input type=\"hidden\" id=\"baseurl\" value=\"https:\/\/noticiasdestaque.com.br\"><input type=\"hidden\" id=\"audio_nonce\" value=\"6f73a554f1\">","protected":false},"excerpt":{"rendered":"<p>\u00cdndice vira no fim do preg\u00e3o diante da expectativa do corte de gastos previsto pela Fazenda <\/p>\n","protected":false},"author":1,"featured_media":39877,"comment_status":"open","ping_status":"open","sticky":false,"template":"","format":"standard","meta":{"fifu_image_url":"","fifu_image_alt":"","footnotes":""},"categories":[59],"tags":[],"class_list":["post-39876","post","type-post","status-publish","format-standard","has-post-thumbnail","hentry","category-economia"],"distributor_meta":false,"distributor_terms":false,"distributor_media":false,"distributor_original_site_name":"Noticias em Destaque","distributor_original_site_url":"https:\/\/noticiasdestaque.com.br","push-errors":false,"_links":{"self":[{"href":"https:\/\/noticiasdestaque.com.br\/index.php\/wp-json\/wp\/v2\/posts\/39876","targetHints":{"allow":["GET"]}}],"collection":[{"href":"https:\/\/noticiasdestaque.com.br\/index.php\/wp-json\/wp\/v2\/posts"}],"about":[{"href":"https:\/\/noticiasdestaque.com.br\/index.php\/wp-json\/wp\/v2\/types\/post"}],"author":[{"embeddable":true,"href":"https:\/\/noticiasdestaque.com.br\/index.php\/wp-json\/wp\/v2\/users\/1"}],"replies":[{"embeddable":true,"href":"https:\/\/noticiasdestaque.com.br\/index.php\/wp-json\/wp\/v2\/comments?post=39876"}],"version-history":[{"count":0,"href":"https:\/\/noticiasdestaque.com.br\/index.php\/wp-json\/wp\/v2\/posts\/39876\/revisions"}],"wp:featuredmedia":[{"embeddable":true,"href":"https:\/\/noticiasdestaque.com.br\/index.php\/wp-json\/wp\/v2\/media\/39877"}],"wp:attachment":[{"href":"https:\/\/noticiasdestaque.com.br\/index.php\/wp-json\/wp\/v2\/media?parent=39876"}],"wp:term":[{"taxonomy":"category","embeddable":true,"href":"https:\/\/noticiasdestaque.com.br\/index.php\/wp-json\/wp\/v2\/categories?post=39876"},{"taxonomy":"post_tag","embeddable":true,"href":"https:\/\/noticiasdestaque.com.br\/index.php\/wp-json\/wp\/v2\/tags?post=39876"}],"curies":[{"name":"wp","href":"https:\/\/api.w.org\/{rel}","templated":true}]}}