{"id":39852,"date":"2024-11-15T17:34:00","date_gmt":"2024-11-15T20:34:00","guid":{"rendered":"https:\/\/noticiasdestaque.com.br\/index.php\/2024\/11\/15\/previsao-do-tempo-sudeste-tera-chuva-e-trovoadas-isoladas-em-boa-parte-da-regiao-neste-sabado-16\/"},"modified":"2024-11-15T17:34:00","modified_gmt":"2024-11-15T20:34:00","slug":"previsao-do-tempo-sudeste-tera-chuva-e-trovoadas-isoladas-em-boa-parte-da-regiao-neste-sabado-16","status":"publish","type":"post","link":"https:\/\/noticiasdestaque.com.br\/index.php\/2024\/11\/15\/previsao-do-tempo-sudeste-tera-chuva-e-trovoadas-isoladas-em-boa-parte-da-regiao-neste-sabado-16\/","title":{"rendered":"PREVIS\u00c3O DO TEMPO: Sudeste ter\u00e1 chuva e trovoadas isoladas em boa parte da regi\u00e3o neste s\u00e1bado (16)"},"content":{"rendered":"<p>\t\t\t\t\t\t\t\t\t\t<audio controls class=\"b61_audio_player\" data-noticia=\"78550\" src=\"https:\/\/brasil61.com\/rails\/active_storage\/blobs\/eyJfcmFpbHMiOnsibWVzc2FnZSI6IkJBaHBBeGtTQXc9PSIsImV4cCI6bnVsbCwicHVyIjoiYmxvYl9pZCJ9fQ==--1268eb457206d4db336252ef769c1091bc136da4\/PTSD243883A\"><\/audio><\/p>\n<p>O s\u00e1bado (16) no Sudeste do pa\u00eds ter\u00e1 chuva e trovoadas isoladas em boa parte da regi\u00e3o. Para S\u00e3o Paulo e Minas Gerais h\u00e1 aviso de chuvas intensas com grau de severidade de perigo potencial.\u00a0<\/p>\n<p>Em S\u00e3o Paulo as \u00e1reas afetadas ser\u00e3o: macro metropolitana, vale do Para\u00edba, metropolitana e litoral sul paulista. J\u00e1 em Minas as \u00e1reas afetadas ser\u00e3o: Tri\u00e2ngulo Mineiro\/alto Parana\u00edba e central mineira. J\u00e1 para o norte mineiro n\u00e3o h\u00e1 previs\u00e3o de chuva e o c\u00e9u pode ter muitas nuvens.<\/p>\n<p>O litoral norte dos estados do Rio de Janeiro e Esp\u00edrito Santo tem apenas previs\u00e3o de chuva isolada<\/p>\n<p>Entre as capitais, a temperatura m\u00ednima prevista \u00e9 de 16\u00b0C, em Belo Horizonte. J\u00e1 a m\u00e1xima pode chegar a 28\u00b0C, em Vit\u00f3ria. A umidade relativa do ar varia entre 55% e 100%.<\/p>\n<p>As informa\u00e7\u00f5es s\u00e3o do Instituto Nacional de Meteorologia. \u00a0<br \/>\n\u00a0<\/p>\n<p>\t\t\t\t\t\t\t\t\t<img loading=\"lazy\" decoding=\"async\" src=\"https:\/\/brasil61.com\/api\/v1\/serve_pixel\/17677\/78550\" alt=\"Pixel Brasil 61\" class=\"b61_pixel\" width=\"0\" height=\"0\"><\/p>\n<input type=\"hidden\" id=\"baseurl\" value=\"https:\/\/noticiasdestaque.com.br\"><input type=\"hidden\" id=\"audio_nonce\" value=\"6f73a554f1\">","protected":false},"excerpt":{"rendered":"<p> Litoral norte do RJ e o ES t\u00eam apenas previs\u00e3o de chuva isolada<\/p>\n","protected":false},"author":1,"featured_media":39853,"comment_status":"open","ping_status":"open","sticky":false,"template":"","format":"standard","meta":{"fifu_image_url":"","fifu_image_alt":"","footnotes":""},"categories":[58],"tags":[],"class_list":["post-39852","post","type-post","status-publish","format-standard","has-post-thumbnail","hentry","category-cotidiano"],"distributor_meta":false,"distributor_terms":false,"distributor_media":false,"distributor_original_site_name":"Noticias em Destaque","distributor_original_site_url":"https:\/\/noticiasdestaque.com.br","push-errors":false,"_links":{"self":[{"href":"https:\/\/noticiasdestaque.com.br\/index.php\/wp-json\/wp\/v2\/posts\/39852","targetHints":{"allow":["GET"]}}],"collection":[{"href":"https:\/\/noticiasdestaque.com.br\/index.php\/wp-json\/wp\/v2\/posts"}],"about":[{"href":"https:\/\/noticiasdestaque.com.br\/index.php\/wp-json\/wp\/v2\/types\/post"}],"author":[{"embeddable":true,"href":"https:\/\/noticiasdestaque.com.br\/index.php\/wp-json\/wp\/v2\/users\/1"}],"replies":[{"embeddable":true,"href":"https:\/\/noticiasdestaque.com.br\/index.php\/wp-json\/wp\/v2\/comments?post=39852"}],"version-history":[{"count":0,"href":"https:\/\/noticiasdestaque.com.br\/index.php\/wp-json\/wp\/v2\/posts\/39852\/revisions"}],"wp:featuredmedia":[{"embeddable":true,"href":"https:\/\/noticiasdestaque.com.br\/index.php\/wp-json\/wp\/v2\/media\/39853"}],"wp:attachment":[{"href":"https:\/\/noticiasdestaque.com.br\/index.php\/wp-json\/wp\/v2\/media?parent=39852"}],"wp:term":[{"taxonomy":"category","embeddable":true,"href":"https:\/\/noticiasdestaque.com.br\/index.php\/wp-json\/wp\/v2\/categories?post=39852"},{"taxonomy":"post_tag","embeddable":true,"href":"https:\/\/noticiasdestaque.com.br\/index.php\/wp-json\/wp\/v2\/tags?post=39852"}],"curies":[{"name":"wp","href":"https:\/\/api.w.org\/{rel}","templated":true}]}}