{"id":39844,"date":"2024-11-13T21:20:00","date_gmt":"2024-11-14T00:20:00","guid":{"rendered":"https:\/\/noticiasdestaque.com.br\/index.php\/2024\/11\/13\/explosoes-em-brasilia-forcas-de-seguranca-continuam-varredura-na-esplanada\/"},"modified":"2024-11-13T21:20:00","modified_gmt":"2024-11-14T00:20:00","slug":"explosoes-em-brasilia-forcas-de-seguranca-continuam-varredura-na-esplanada","status":"publish","type":"post","link":"https:\/\/noticiasdestaque.com.br\/index.php\/2024\/11\/13\/explosoes-em-brasilia-forcas-de-seguranca-continuam-varredura-na-esplanada\/","title":{"rendered":"Explos\u00f5es em Bras\u00edlia: For\u00e7as de seguran\u00e7a continuam varredura na Esplanada"},"content":{"rendered":"<p>\t\t\t\t\t\t\t\t\t\t<audio controls class=\"b61_audio_player\" data-noticia=\"78533\" src=\"https:\/\/brasil61.com\/rails\/active_storage\/blobs\/eyJfcmFpbHMiOnsibWVzc2FnZSI6IkJBaHBBOWNSQXc9PSIsImV4cCI6bnVsbCwicHVyIjoiYmxvYl9pZCJ9fQ==--8978fe0c3754a1aeba122efc6b344dfe6156a33d\/BRAS2413013A\"><\/audio><\/p>\n<p>Integrantes das pol\u00edcias Civil e Militar do Distrito Federal e da Pol\u00edcia Federal continuam com varreduras na Pra\u00e7a dos Tr\u00eas Poderes e nas sedes do Legislativo e Judici\u00e1rio, na manh\u00e3 desta quinta-feira (14). As for\u00e7as de seguran\u00e7a buscam poss\u00edveis\u00a0novos explosivos na regi\u00e3o.<\/p>\n<p>Os policiais tamb\u00e9m fazem per\u00edcia nos artefatos detonados, na noite desta quarta (15), pr\u00f3ximo ao pr\u00e9dio do STF e em carro no estacionamento do Anexo IV da C\u00e2mara dos Deputados.\u00a0\u00a0Um homem morreu. O corpo da v\u00edtima da explos\u00e3o foi periciado e retirado do local. Ele \u00e9 apontado como suposto autor. Foi identificado como sendo Francisco Wanderley Luiz.<\/p>\n<p>Em entrevista coletiva no Pal\u00e1cio do Buriti, governadora em exerc\u00edcio do Distrito Federal Celina Le\u00e3o afirmou que a Pol\u00edcia Civil do DF instaurou inqu\u00e9rito e um grupo de trabalho foi montado pelo governo local para apurar as circunst\u00e2ncias do caso. A PF tamb\u00e9m abriu inqu\u00e9rito para investiga\u00e7\u00f5es.<\/p>\n<h2>Explos\u00f5es<\/h2>\n<p>Duas explos\u00f5es ocorreram, na noite desta quarta-feira (13), na Pra\u00e7a dos Tr\u00eas Poderes, em Bras\u00edlia, mais especificamente nas proximidades do Supremo Tribunal Federal (STF). Devido ao ocorrido, a Esplanada dos Minist\u00e9rios ficou isolada desde a Catedral Metropolitana at\u00e9 a Pra\u00e7a dos Tr\u00eas Poderes<\/p>\n<blockquote class=\"twitter-tweet\" data-media-max-width=\"560\">\n<p dir=\"ltr\" lang=\"pt\">URGENTE: acabou de EXPLODIR UM CARRO na frente do pr\u00e9dio do STF. A pra\u00e7a dos Tr\u00eas Poderes est\u00e1 isolada. <a href=\"https:\/\/t.co\/YVGuWI6UVo\">pic.twitter.com\/YVGuWI6UVo<\/a><\/p>\n<p>\u2014 Vinicios Betiol (@vinicios_betiol) <a href=\"https:\/\/twitter.com\/vinicios_betiol\/status\/1856838109112999988?ref_src=twsrc%5Etfw\">November 13, 2024<\/a><\/p><\/blockquote>\n<p>Homens do Corpo de Bombeiros foram acionados e policiais realizaram uma varredura no local. A Pol\u00edcia Federal tamb\u00e9m enviou integrantes do Comando de Opera\u00e7\u00f5es T\u00e1ticas, al\u00e9m de um grupo antibombas. H\u00e1 relatos de testemunhas de que as explos\u00f5es foram ouvidas por volta das 19h30min.\u00a0<\/p>\n<p>De acordo com <a href=\"https:\/\/noticias.stf.jus.br\/postsnoticias\/nota-do-stf-sobre-incidente-na-praca-dos-tres-poderes\/\">nota divulgada pelo STF<\/a>, \u201cao final da sess\u00e3o desta quarta-feira (13), dois fortes estrondos foram ouvidos e os ministros foram retirados do pr\u00e9dio em seguran\u00e7a\u201d. Ainda segundo a Suprema Corte, \u201cos servidores e colaboradores do edif\u00edcio-sede foram retirados por medida de cautela&#8221;.<\/p>\n<p>Em outra <a href=\"https:\/\/www.gov.br\/pf\/pt-br\/assuntos\/noticias\/2024\/11\/pf-investiga-explosoes-na-praca-dos-tres-poderes-em-brasilia\">nota<\/a>, a Pol\u00edcia Federal afirmou que um inqu\u00e9rito policial ser\u00e1 instaurado para apurar os ataques.<\/p>\n<p>&#8220;Foram acionados policiais do Comando de Opera\u00e7\u00f5es T\u00e1ticas (COT), do Grupo de Pronta-Interven\u00e7\u00e3o da Superintend\u00eancia Regional da PF no Distrito Federal, peritos e o Grupo Antibombas da institui\u00e7\u00e3o, que est\u00e3o conduzindo as a\u00e7\u00f5es iniciais de seguran\u00e7a e an\u00e1lise do local&#8221;, completa o comunicado.<\/p>\n<p>O presidente do Senado Federal, Rodrigo Pacheco, tamb\u00e9m se pronunciou. O parlamentar afirmou que &#8220;o momento \u00e9 de precau\u00e7\u00e3o&#8221;.<\/p>\n<blockquote class=\"twitter-tweet\" data-media-max-width=\"560\">\n<p dir=\"ltr\" lang=\"pt\">Ap\u00f3s explos\u00f5es na Pra\u00e7a dos Tr\u00eas Poderes, o presidente do Senado, <a href=\"https:\/\/twitter.com\/rodrigopacheco?ref_src=twsrc%5Etfw\">@rodrigopacheco<\/a>, afirmou que o momento \u00e9 de precau\u00e7\u00e3o. Veja: <a href=\"https:\/\/t.co\/SNyEcaL3Pb\">pic.twitter.com\/SNyEcaL3Pb<\/a><\/p>\n<p>\u2014 Senado Federal (@SenadoFederal) <a href=\"https:\/\/twitter.com\/SenadoFederal\/status\/1856872707809579514?ref_src=twsrc%5Etfw\">November 14, 2024<\/a><\/p><\/blockquote>\n<p>Nas redes sociais, a vice-governadora do Distrito Federal, Celina Le\u00e3o, afirmou que o Executivo local\u00a0est\u00e1 &#8220;empenhado em garantir a seguran\u00e7a e tranquilidade de todos&#8221;. &#8220;Estamos trabalhando com toda a for\u00e7a de nossa seguran\u00e7a p\u00fablica para assegurar que as informa\u00e7\u00f5es sejam atualizadas e ver\u00eddicas, transmitidas diretamente pelas nossas equipes e fontes seguras&#8221;.\u00a0<\/p>\n<blockquote class=\"twitter-tweet\" data-media-max-width=\"560\">\n<p dir=\"ltr\" lang=\"pt\">O Governo do Distrito Federal est\u00e1 no comando e empenhado em garantir a seguran\u00e7a e tranquilidade de todos. Estamos trabalhando com toda a for\u00e7a de nossa seguran\u00e7a p\u00fablica para assegurar que as informa\u00e7\u00f5es sejam atualizadas e ver\u00eddicas, transmitidas diretamente pelas nossas\u2026 <a href=\"https:\/\/t.co\/BSiA72xADB\">pic.twitter.com\/BSiA72xADB<\/a><\/p>\n<p>\u2014 Celina Le\u00e3o (@celinaleao) <a href=\"https:\/\/twitter.com\/celinaleao\/status\/1856889614331486477?ref_src=twsrc%5Etfw\">November 14, 2024<\/a><\/p><\/blockquote>\n<p>\t\t\t\t\t\t\t\t\t<img loading=\"lazy\" decoding=\"async\" src=\"https:\/\/brasil61.com\/api\/v1\/serve_pixel\/17677\/78533\" alt=\"Pixel Brasil 61\" class=\"b61_pixel\" width=\"0\" height=\"0\"><\/p>\n<input type=\"hidden\" id=\"baseurl\" value=\"https:\/\/noticiasdestaque.com.br\"><input type=\"hidden\" id=\"audio_nonce\" value=\"6f73a554f1\">","protected":false},"excerpt":{"rendered":"<p>Homem que morreu \u00e9 apontado como autor das explos\u00f5es. Pol\u00edcia Federal e Pol\u00edcia Civil do DF v\u00e3o instaurar inqu\u00e9ritos para apurar o ocorrido<\/p>\n","protected":false},"author":1,"featured_media":39845,"comment_status":"open","ping_status":"open","sticky":false,"template":"","format":"standard","meta":{"fifu_image_url":"","fifu_image_alt":"","footnotes":""},"categories":[48],"tags":[],"class_list":["post-39844","post","type-post","status-publish","format-standard","has-post-thumbnail","hentry","category-mundo"],"distributor_meta":false,"distributor_terms":false,"distributor_media":false,"distributor_original_site_name":"Noticias em Destaque","distributor_original_site_url":"https:\/\/noticiasdestaque.com.br","push-errors":false,"_links":{"self":[{"href":"https:\/\/noticiasdestaque.com.br\/index.php\/wp-json\/wp\/v2\/posts\/39844","targetHints":{"allow":["GET"]}}],"collection":[{"href":"https:\/\/noticiasdestaque.com.br\/index.php\/wp-json\/wp\/v2\/posts"}],"about":[{"href":"https:\/\/noticiasdestaque.com.br\/index.php\/wp-json\/wp\/v2\/types\/post"}],"author":[{"embeddable":true,"href":"https:\/\/noticiasdestaque.com.br\/index.php\/wp-json\/wp\/v2\/users\/1"}],"replies":[{"embeddable":true,"href":"https:\/\/noticiasdestaque.com.br\/index.php\/wp-json\/wp\/v2\/comments?post=39844"}],"version-history":[{"count":0,"href":"https:\/\/noticiasdestaque.com.br\/index.php\/wp-json\/wp\/v2\/posts\/39844\/revisions"}],"wp:featuredmedia":[{"embeddable":true,"href":"https:\/\/noticiasdestaque.com.br\/index.php\/wp-json\/wp\/v2\/media\/39845"}],"wp:attachment":[{"href":"https:\/\/noticiasdestaque.com.br\/index.php\/wp-json\/wp\/v2\/media?parent=39844"}],"wp:term":[{"taxonomy":"category","embeddable":true,"href":"https:\/\/noticiasdestaque.com.br\/index.php\/wp-json\/wp\/v2\/categories?post=39844"},{"taxonomy":"post_tag","embeddable":true,"href":"https:\/\/noticiasdestaque.com.br\/index.php\/wp-json\/wp\/v2\/tags?post=39844"}],"curies":[{"name":"wp","href":"https:\/\/api.w.org\/{rel}","templated":true}]}}