{"id":39842,"date":"2024-11-14T17:49:00","date_gmt":"2024-11-14T20:49:00","guid":{"rendered":"https:\/\/noticiasdestaque.com.br\/index.php\/2024\/11\/14\/estradas-no-feriado-prf-realiza-operacao-proclamacao-da-republica-2024\/"},"modified":"2024-11-14T17:49:00","modified_gmt":"2024-11-14T20:49:00","slug":"estradas-no-feriado-prf-realiza-operacao-proclamacao-da-republica-2024","status":"publish","type":"post","link":"https:\/\/noticiasdestaque.com.br\/index.php\/2024\/11\/14\/estradas-no-feriado-prf-realiza-operacao-proclamacao-da-republica-2024\/","title":{"rendered":"Estradas no feriado: PRF realiza Opera\u00e7\u00e3o Proclama\u00e7\u00e3o da Rep\u00fablica 2024"},"content":{"rendered":"<p>\t\t\t\t\t\t\t\t\t\t<audio controls class=\"b61_audio_player\" data-noticia=\"78522\" src=\"https:\/\/brasil61.com\/rails\/active_storage\/blobs\/eyJfcmFpbHMiOnsibWVzc2FnZSI6IkJBaHBBOG9SQXc9PSIsImV4cCI6bnVsbCwicHVyIjoiYmxvYl9pZCJ9fQ==--6b735a74d45127974bb62db749affe15fcf79782\/BRAS2413009A\"><\/audio><\/p>\n<p>A <a href=\"https:\/\/www.gov.br\/prf\/pt-br\" target=\"_blank\">Pol\u00edcia Rodovi\u00e1ria Federal<\/a> deu in\u00edcio, nesta quinta-feira (14), \u00e0 Opera\u00e7\u00e3o Proclama\u00e7\u00e3o da Rep\u00fablica 2024. O foco da opera\u00e7\u00e3o \u00e9 a preven\u00e7\u00e3o de acidentes graves e redu\u00e7\u00e3o de mortes nas rodovias federais do Distrito Federal e Entorno\u00a0durante o feriado prolongado.\u00a0<\/p>\n<p>Confira os objetivos da Opera\u00e7\u00e3o Proclama\u00e7\u00e3o da Rep\u00fablica 2024:<\/p>\n<ul>\n<li>Reduzir os acidentes de tr\u00e2nsito e minimizar os impactos sociais resultantes deles, focalizando a preven\u00e7\u00e3o e redu\u00e7\u00e3o da gravidade dos acidentes;<\/li>\n<li>Intensificar as a\u00e7\u00f5es de fiscaliza\u00e7\u00e3o e educa\u00e7\u00e3o no tr\u00e2nsito;<\/li>\n<li>Ampliar a presen\u00e7a policial nas rodovias;<\/li>\n<li>Realizar a\u00e7\u00f5es integradas e coordenadas entre as diversas unidades da PRF, com vistas a maximizar a efic\u00e1cia da opera\u00e7\u00e3o.<\/li>\n<\/ul>\n<h2>Estrat\u00e9gias de fiscaliza\u00e7\u00e3o da PRF<\/h2>\n<p>Segundo a PRF, a opera\u00e7\u00e3o ocorrer\u00e1 em \u00e1reas de maior risco de acidentes, com a\u00e7\u00f5es espec\u00edficas para a fiscaliza\u00e7\u00e3o de infra\u00e7\u00f5es que demonstrem maior risco \u00e0 seguran\u00e7a no tr\u00e2nsito. Confira as condutas de risco alvo de fiscaliza\u00e7\u00e3o:<\/p>\n<ul>\n<li>Excesso de velocidade<\/li>\n<li>Ultrapassagens indevidas<\/li>\n<li>N\u00e3o utiliza\u00e7\u00e3o do cinto de seguran\u00e7a e transporte inadequado de crian\u00e7as<\/li>\n<li>Embriaguez ao volante<\/li>\n<li>Uso de celular durante a condu\u00e7\u00e3o<\/li>\n<\/ul>\n<h2>Estados<\/h2>\n<p>No Rio Grande do Norte e na Bahia, as a\u00e7\u00f5es de fiscaliza\u00e7\u00e3o ter\u00e3o enfoque no uso do cinto de seguran\u00e7a. No Maranh\u00e3o, as opera\u00e7\u00f5es ser\u00e3o com foco na seguran\u00e7a e na fluidez do tr\u00e1fego nas rodovias federais.<\/p>\n<p>No Distrito Federal, o foco ser\u00e1 a fiscaliza\u00e7\u00e3o de alcoolemia, que segundo a PRF \u00e9 uma das principais causas de acidentes graves nas rodovias. As abordagens ocorrer\u00e3o em pontos estrat\u00e9gicos, com o uso de etil\u00f4metros, para coibir a condu\u00e7\u00e3o de ve\u00edculos sob efeito de bebidas alco\u00f3licas. Por\u00e9m, os policiais tamb\u00e9m se atentar\u00e3o a outras infra\u00e7\u00f5es, como o n\u00e3o uso do cinto de seguran\u00e7a e as ultrapassagens proibidas.<\/p>\n<p>Para Pernambuco, de acordo com a PRF, espera-se um aumento na movimenta\u00e7\u00e3o de ve\u00edculos, especialmente para as praias pernambucanas. A PRF informou em nota que as BRs 101 Norte e Sul devem apresentar um tr\u00e2nsito mais intenso.<\/p>\n<p>No Piau\u00ed, a PRF deve promover o monitoramento dos indicadores de sinistralidade e criminalidade\u00a0e direcionar efetivo para esses pontos.<\/p>\n<p>A a\u00e7\u00e3o tem como principal objetivo reduzir o n\u00famero de acidentes, sem deixar de combater crimes nas rodovias federais, como o tr\u00e1fico de drogas e o contrabando.\u00a0<\/p>\n<h2>Restri\u00e7\u00e3o de tr\u00e1fego<\/h2>\n<p>Durante o feriado, a restri\u00e7\u00e3o abrange os trechos rodovi\u00e1rios de pista simples, exceto trechos espec\u00edficos determinados pela PRF. Sendo assim, fica proibido o tr\u00e2nsito de ve\u00edculos ou combina\u00e7\u00f5es de ve\u00edculos, cujo peso ou dimens\u00e3o exceda qualquer um dos seguintes limites regulamentares:<\/p>\n<ul>\n<li>Largura m\u00e1xima: 2,60 metros;<\/li>\n<li>Altura m\u00e1xima: 4,40 metros;<\/li>\n<li>Comprimento total de 19,80 metros;<\/li>\n<li>e Peso Bruto Total Combinado (PBTC) para ve\u00edculos ou combina\u00e7\u00f5es de ve\u00edculos: 58,5 toneladas.<\/li>\n<\/ul>\n<p>O descumprimento constitui infra\u00e7\u00e3o de tr\u00e2nsito m\u00e9dia, sendo 5 pontos na carteira, e multa de R$ 130,16. Nesse caso o motorista s\u00f3 poder\u00e1 voltar a circular ap\u00f3s o t\u00e9rmino do hor\u00e1rio da restri\u00e7\u00e3o.<\/p>\n<p>Confira as localidades com e sem restri\u00e7\u00e3o:<\/p>\n<p>&#8211; Trechos rodovi\u00e1rios de pista simples, exceto o trecho compreendido entre o km 283 e 286 da BR-050, em Catal\u00e3o\/GO;<br \/>\n&#8211; Trechos entre os km 0 e 231 da BR-116, km 0 e 32 da BR-459 e km 0 e 5 da BR-488, no estado de S\u00e3o Paulo.<br \/>\n&#8211; Nos estados do Acre, Amazonas, Amap\u00e1, Par\u00e1 e Roraima n\u00e3o haver\u00e1 restri\u00e7\u00f5es de circula\u00e7\u00e3o.<\/p>\n<h2>Estimativa de fluxo de ve\u00edculos<\/h2>\n<p>A Ecovias, concession\u00e1ria que administra o Sistema Anchieta-Imigrantes (SAI), informou que estima que 235 a 362 mil ve\u00edculos passem pelo SAI em dire\u00e7\u00e3o \u00e0 Baixada Santista entre os dias 14 e 18 de novembro.\u00a0<\/p>\n<p>A Ecoponte, concession\u00e1ria do Grupo Ecorodovias, respons\u00e1vel pela administra\u00e7\u00e3o da Ponte Rio-Niter\u00f3i e seus acessos, projeta uma circula\u00e7\u00e3o de mais de um milh\u00e3o de ve\u00edculos na Ponte Rio-Niter\u00f3i durante o per\u00edodo entre o feriado da Proclama\u00e7\u00e3o da Rep\u00fablica e Consci\u00eancia Negra (entre os dias 14 e 21 de novembro).<\/p>\n<p>A EcoRioMinas, que administra as BR-493\/RJ, BR-465\/RJ e BR-116\/RJ e MG, prev\u00ea a circula\u00e7\u00e3o de cerca de 800 mil ve\u00edculos tamb\u00e9m entre os feriados.<\/p>\n<p>A VIABAHIA estima um aumento de 8% no fluxo de ve\u00edculos na BR-324 \u2013 rodovia que conecta Salvador \u00e0 Feira de Santana. Segundo a concession\u00e1ria, a quinta-feira (14) deve ser o dia de maior movimenta\u00e7\u00e3o, com o deslocamento ao interior do estado. O fluxo tamb\u00e9m deve ser intenso na sexta-feira (15), amenizar no s\u00e1bado (16), e se intensificar no domingo (17) \u2013 mas no sentido Salvador.\u00a0<\/p>\n<p>J\u00e1 Arteris Litoral Sul, que administra trecho BR-116\/PR\/SC \u2013 Curitiba \u2013 Divisa SC\/RS, estima que 1,16 milh\u00e3o de ve\u00edculos passem pelos 406,6 km das rodovias BR-116\/PR (Contorno Leste), BR-376\/PR, BR-101\/SC e Contorno de Florian\u00f3polis \u2013 as quais fazem a liga\u00e7\u00e3o entre a capital paranaense e o litoral de Santa Catarina, e passam por 23 munic\u00edpios. A estimativa \u00e9 de que 713 mil ve\u00edculos passem pela rodovia BR-116 entre S\u00e3o Paulo e Paran\u00e1 e que corta 16 munic\u00edpios.<\/p>\n<p>Tamb\u00e9m entre os dias 14 e 17 de novembro, devem circular pelas rodovias Via Dutra e Rio-Santos, a BR-101, ambas administradas pela CCR RioSP, mais de 960 mil ve\u00edculos.<\/p>\n<p>\t\t\t\t\t\t\t\t\t<img loading=\"lazy\" decoding=\"async\" src=\"https:\/\/brasil61.com\/api\/v1\/serve_pixel\/17677\/78522\" alt=\"Pixel Brasil 61\" class=\"b61_pixel\" width=\"0\" height=\"0\"><\/p>\n<input type=\"hidden\" id=\"baseurl\" value=\"https:\/\/noticiasdestaque.com.br\"><input type=\"hidden\" id=\"audio_nonce\" value=\"6f73a554f1\">","protected":false},"excerpt":{"rendered":"<p>O refor\u00e7o nas atividades de fiscaliza\u00e7\u00e3o nas rodovias federais pela Pol\u00edcia Rodovi\u00e1ria Federal vai de 14 a 17 de novembro e tem como foco a preven\u00e7\u00e3o de acidentes graves e a redu\u00e7\u00e3o de mortes<\/p>\n","protected":false},"author":1,"featured_media":39843,"comment_status":"open","ping_status":"open","sticky":false,"template":"","format":"standard","meta":{"fifu_image_url":"","fifu_image_alt":"","footnotes":""},"categories":[48],"tags":[],"class_list":["post-39842","post","type-post","status-publish","format-standard","has-post-thumbnail","hentry","category-mundo"],"distributor_meta":false,"distributor_terms":false,"distributor_media":false,"distributor_original_site_name":"Noticias em Destaque","distributor_original_site_url":"https:\/\/noticiasdestaque.com.br","push-errors":false,"_links":{"self":[{"href":"https:\/\/noticiasdestaque.com.br\/index.php\/wp-json\/wp\/v2\/posts\/39842","targetHints":{"allow":["GET"]}}],"collection":[{"href":"https:\/\/noticiasdestaque.com.br\/index.php\/wp-json\/wp\/v2\/posts"}],"about":[{"href":"https:\/\/noticiasdestaque.com.br\/index.php\/wp-json\/wp\/v2\/types\/post"}],"author":[{"embeddable":true,"href":"https:\/\/noticiasdestaque.com.br\/index.php\/wp-json\/wp\/v2\/users\/1"}],"replies":[{"embeddable":true,"href":"https:\/\/noticiasdestaque.com.br\/index.php\/wp-json\/wp\/v2\/comments?post=39842"}],"version-history":[{"count":0,"href":"https:\/\/noticiasdestaque.com.br\/index.php\/wp-json\/wp\/v2\/posts\/39842\/revisions"}],"wp:featuredmedia":[{"embeddable":true,"href":"https:\/\/noticiasdestaque.com.br\/index.php\/wp-json\/wp\/v2\/media\/39843"}],"wp:attachment":[{"href":"https:\/\/noticiasdestaque.com.br\/index.php\/wp-json\/wp\/v2\/media?parent=39842"}],"wp:term":[{"taxonomy":"category","embeddable":true,"href":"https:\/\/noticiasdestaque.com.br\/index.php\/wp-json\/wp\/v2\/categories?post=39842"},{"taxonomy":"post_tag","embeddable":true,"href":"https:\/\/noticiasdestaque.com.br\/index.php\/wp-json\/wp\/v2\/tags?post=39842"}],"curies":[{"name":"wp","href":"https:\/\/api.w.org\/{rel}","templated":true}]}}