{"id":39840,"date":"2024-11-15T00:05:00","date_gmt":"2024-11-15T03:05:00","guid":{"rendered":"https:\/\/noticiasdestaque.com.br\/index.php\/2024\/11\/15\/feriado-prolongado-confira-dicas-de-como-dirigir-em-seguranca\/"},"modified":"2024-11-15T00:05:00","modified_gmt":"2024-11-15T03:05:00","slug":"feriado-prolongado-confira-dicas-de-como-dirigir-em-seguranca","status":"publish","type":"post","link":"https:\/\/noticiasdestaque.com.br\/index.php\/2024\/11\/15\/feriado-prolongado-confira-dicas-de-como-dirigir-em-seguranca\/","title":{"rendered":"Feriado prolongado: confira dicas de como dirigir em seguran\u00e7a"},"content":{"rendered":"<p>\t\t\t\t\t\t\t\t\t\t<audio controls class=\"b61_audio_player\" data-noticia=\"78513\" src=\"https:\/\/brasil61.com\/rails\/active_storage\/blobs\/eyJfcmFpbHMiOnsibWVzc2FnZSI6IkJBaHBBd2tTQXc9PSIsImV4cCI6bnVsbCwicHVyIjoiYmxvYl9pZCJ9fQ==--48f2b383e512faea8e2d62d2d697042275cc2e7f\/BRAS2413005B\"><\/audio><\/p>\n<p>Dia 15 de novembro \u00e9 feriado da Proclama\u00e7\u00e3o da Rep\u00fablica. A data antecede o final de semana e h\u00e1 quem aproveite o per\u00edodo para descansar em casa. Mas muitos brasileiros preferem usufruir da folga prolongada para viajar\u00a0e o crescimento do fluxo de carros nas rodovias aumenta o risco de acidentes.<\/p>\n<p>Segundo o Departamento Estadual de Tr\u00e2nsito de Goi\u00e1s (Detran-GO), entre os principais cuidados para preven\u00e7\u00e3o de\u00a0acidentes est\u00e3o o respeito \u00e0\u00a0sinaliza\u00e7\u00e3o de tr\u00e2nsito e n\u00e3o aliar \u00e1lcool \u00e0 dire\u00e7\u00e3o. A orienta\u00e7\u00e3o \u00e9: se beber, n\u00e3o dirija.<\/p>\n<p>No ver\u00e3o\u00a0o n\u00famero de acidentes \u00e9 mais expressivo, de acordo com o Detran-DF \u2013 o que corresponde aos meses de dezembro a fevereiro, Nesse per\u00edodo, h\u00e1 feriados prolongados, f\u00e9rias escolares e de trabalho, provocando\u00a0um crescimento nas viagens de turismo. Mas\u00a0 independentemente da \u00e9poca, \u00e9 preciso estar atento \u00e0 seguran\u00e7a nas rodovias.<\/p>\n<p>Inclusive, a Pol\u00edcia Rodovi\u00e1ria Federal (PRF) deu in\u00edcio, na \u00faltima\u00a0quinta-feira (14), \u00e0 Opera\u00e7\u00e3o Proclama\u00e7\u00e3o da Rep\u00fablica 2024. \u00a0O objetivo \u00e9 reduzir a viol\u00eancia no tr\u00e2nsito e os\u00a0 acidentes nas rodovias federais do pa\u00eds por meio da intensifica\u00e7\u00e3o de medidas como policiamento, fiscaliza\u00e7\u00e3o e a educa\u00e7\u00e3o para o tr\u00e2nsito.<\/p>\n<p>A policial federal\u00a0Fernanda Souza\u00a0destaca a import\u00e2ncia da atua\u00e7\u00e3o da PRF. \u201cO objetivo \u00e9 reduzir o n\u00famero de acidentes e tamb\u00e9m o n\u00famero de mortos e feridos\u201d.<\/p>\n<h2>Veja dicas de como dirigir em seguran\u00e7a:<\/h2>\n<ul>\n<li>N\u00e3o ultrapasse em locais proibidos;<\/li>\n<li>Ultrapasse sempre pela esquerda (somente em locais permitidos);<\/li>\n<li>Trafegue sempre com os far\u00f3is acesos, mesmo durante o dia;\u00a0<\/li>\n<li>Respeite a velocidade da via;<\/li>\n<li>Use o cinto de seguran\u00e7a (motorista e passageiros);<\/li>\n<li>Fa\u00e7a a revis\u00e3o no carro e confira todos os itens de seguran\u00e7a (estepe, tri\u00e2ngulo e luzes de far\u00f3is e freios).<\/li>\n<li>Cheque a previs\u00e3o do tempo tamb\u00e9m para os dias de deslocamento;<\/li>\n<li>Estude rotas alternativas;<\/li>\n<li>Certifique-se de que todos os ocupantes do ve\u00edculo tenham\/portem o documento de identifica\u00e7\u00e3o, inclusive crian\u00e7as e adolescentes e<\/li>\n<li>Ocupantes de motocicletas: devem sempre usar o capacete e manter dist\u00e2ncia das laterais traseiras dos ve\u00edculos.<br \/>\n\t\u00a0<\/li>\n<\/ul>\n<p>\t\t\t\t\t\t\t\t\t<img loading=\"lazy\" decoding=\"async\" src=\"https:\/\/brasil61.com\/api\/v1\/serve_pixel\/17677\/78513\" alt=\"Pixel Brasil 61\" class=\"b61_pixel\" width=\"0\" height=\"0\"><\/p>\n<input type=\"hidden\" id=\"baseurl\" value=\"https:\/\/noticiasdestaque.com.br\"><input type=\"hidden\" id=\"audio_nonce\" value=\"5128c810d9\">","protected":false},"excerpt":{"rendered":"<p>Crescimento do fluxo de carros nas rodovias aumenta risco de acidentes<\/p>\n","protected":false},"author":1,"featured_media":39841,"comment_status":"open","ping_status":"open","sticky":false,"template":"","format":"standard","meta":{"fifu_image_url":"","fifu_image_alt":"","footnotes":""},"categories":[48],"tags":[],"class_list":["post-39840","post","type-post","status-publish","format-standard","has-post-thumbnail","hentry","category-mundo"],"distributor_meta":false,"distributor_terms":false,"distributor_media":false,"distributor_original_site_name":"Noticias em Destaque","distributor_original_site_url":"https:\/\/noticiasdestaque.com.br","push-errors":false,"_links":{"self":[{"href":"https:\/\/noticiasdestaque.com.br\/index.php\/wp-json\/wp\/v2\/posts\/39840","targetHints":{"allow":["GET"]}}],"collection":[{"href":"https:\/\/noticiasdestaque.com.br\/index.php\/wp-json\/wp\/v2\/posts"}],"about":[{"href":"https:\/\/noticiasdestaque.com.br\/index.php\/wp-json\/wp\/v2\/types\/post"}],"author":[{"embeddable":true,"href":"https:\/\/noticiasdestaque.com.br\/index.php\/wp-json\/wp\/v2\/users\/1"}],"replies":[{"embeddable":true,"href":"https:\/\/noticiasdestaque.com.br\/index.php\/wp-json\/wp\/v2\/comments?post=39840"}],"version-history":[{"count":0,"href":"https:\/\/noticiasdestaque.com.br\/index.php\/wp-json\/wp\/v2\/posts\/39840\/revisions"}],"wp:featuredmedia":[{"embeddable":true,"href":"https:\/\/noticiasdestaque.com.br\/index.php\/wp-json\/wp\/v2\/media\/39841"}],"wp:attachment":[{"href":"https:\/\/noticiasdestaque.com.br\/index.php\/wp-json\/wp\/v2\/media?parent=39840"}],"wp:term":[{"taxonomy":"category","embeddable":true,"href":"https:\/\/noticiasdestaque.com.br\/index.php\/wp-json\/wp\/v2\/categories?post=39840"},{"taxonomy":"post_tag","embeddable":true,"href":"https:\/\/noticiasdestaque.com.br\/index.php\/wp-json\/wp\/v2\/tags?post=39840"}],"curies":[{"name":"wp","href":"https:\/\/api.w.org\/{rel}","templated":true}]}}