{"id":39838,"date":"2024-11-12T16:02:00","date_gmt":"2024-11-12T19:02:00","guid":{"rendered":"https:\/\/noticiasdestaque.com.br\/index.php\/2024\/11\/12\/cria-g20-influenciadores-e-comunicadores-debatem-solucoes-inovadoras-em-evento-que-antecede-o-g20\/"},"modified":"2024-11-12T16:02:00","modified_gmt":"2024-11-12T19:02:00","slug":"cria-g20-influenciadores-e-comunicadores-debatem-solucoes-inovadoras-em-evento-que-antecede-o-g20","status":"publish","type":"post","link":"https:\/\/noticiasdestaque.com.br\/index.php\/2024\/11\/12\/cria-g20-influenciadores-e-comunicadores-debatem-solucoes-inovadoras-em-evento-que-antecede-o-g20\/","title":{"rendered":"Cria G20: influenciadores e comunicadores debatem solu\u00e7\u00f5es inovadoras em evento que antecede o G20"},"content":{"rendered":"<p>\t\t\t\t\t\t\t\t\t\t<audio controls class=\"b61_audio_player\" data-noticia=\"78499\" src=\"https:\/\/brasil61.com\/rails\/active_storage\/blobs\/eyJfcmFpbHMiOnsibWVzc2FnZSI6IkJBaHBBNHdSQXc9PSIsImV4cCI6bnVsbCwicHVyIjoiYmxvYl9pZCJ9fQ==--93e3ee2939d471c725c94f6540201843b691e555\/BRAS2412996A\"><\/audio><\/p>\n<p>Entre os dias 14 e 16 de novembro, influenciadores digitais, comunicadores e jovens de maneira geral v\u00e3o participar do G20 Social, no Rio de Janeiro. Na ocasi\u00e3o, os participantes v\u00e3o ocupar o espa\u00e7o denominado Cria G20, no P\u00eder Mau\u00e1. Durante o evento, eles v\u00e3o debater sobre o futuro do planeta, com apresenta\u00e7\u00f5es de ideias que contribuem para solu\u00e7\u00f5es de problemas globais.<\/p>\n<p>Apesar de ser gratuito, o Cria G20 tem vagas limitadas. As inscri\u00e7\u00f5es s\u00e3o feitas pela internet. A ideia do encontro \u00e9 tratar de temas que o Brasil pretende abordar no f\u00f3rum de pa\u00edses, com est\u00edmulo de solu\u00e7\u00f5es inovadoras e uma rede de coopera\u00e7\u00e3o entre as na\u00e7\u00f5es.<\/p>\n<p>A programa\u00e7\u00e3o do evento ter\u00e1 atividades como o G20 Talks &#8211; que conta com pain\u00e9is di\u00e1rios com especialistas do Brasil e de outros pa\u00edses \u2013 e o CriaCast, que s\u00e3o conversas descontra\u00eddas e informais com convidados, entre outras iniciativas.\u00a0<\/p>\n<p><a href=\"https:\/\/brasil61.com\/n\/entenda-o-que-e-fm-estendida-faixa-que-vai-abrigar-radios-que-migrarem-do-am-para-o-fm-bras2412829\" target=\"_blank\">Entenda o que \u00e9 FM estendida, faixa que vai abrigar r\u00e1dios que migrarem do AM para o FM<\/a><\/p>\n<p>Entre os convidados para o Cria G20 est\u00e3o o influenciador digital Felipe Neto; o diretor de pol\u00edtica monet\u00e1ria do Banco Central do Brasil, Gabriel Gal\u00edpolo; o fundador do Instituto Conhecimento Liberta e do ICL Not\u00edcias, Eduardo Moreira; e a influenciadora Nath\u00e1lia Rodrigues, do Nath Finan\u00e7as, al\u00e9m de outros nomes.<\/p>\n<p>Ainda durante o evento, haver\u00e1 oficina sobre produ\u00e7\u00e3o de v\u00eddeos curtos em tempo real, v\u00eddeos longos e monetiza\u00e7\u00e3o de conte\u00fado na internet. Toda a programa\u00e7\u00e3o pode ser consultada na <a href=\"https:\/\/www.g20.org\/pt-br\/cria\" target=\"_blank\">p\u00e1gina do Cria G20, na internet<\/a>.<\/p>\n<p>O evento no Rio de Janeiro tamb\u00e9m \u00e9 uma prepara\u00e7\u00e3o para a reuni\u00e3o da c\u00fapula de chefes de Estado e de governo, nos dias 18 e 19 de novembro. Desde dezembro do ano passado, o Brasil ocupa a presid\u00eancia tempor\u00e1ria do G20 &#8211; f\u00f3rum internacional composto por outros 18 pa\u00edses, al\u00e9m da Uni\u00e3o Europeia e da Uni\u00e3o Africana.<br \/>\n\u00a0<\/p>\n<p>\t\t\t\t\t\t\t\t\t<img loading=\"lazy\" decoding=\"async\" src=\"https:\/\/brasil61.com\/api\/v1\/serve_pixel\/17677\/78499\" alt=\"Pixel Brasil 61\" class=\"b61_pixel\" width=\"0\" height=\"0\"><\/p>\n<input type=\"hidden\" id=\"baseurl\" value=\"https:\/\/noticiasdestaque.com.br\"><input type=\"hidden\" id=\"audio_nonce\" value=\"6f73a554f1\">","protected":false},"excerpt":{"rendered":"<p>O Cria G20 ser\u00e1 realizado entre os dias 14 e 16 de novembro, e contar\u00e1 com a presen\u00e7a de nomes como o influenciador digital Felipe Neto e o diretor de pol\u00edtica monet\u00e1ria do Banco Central, Gabriel Gal\u00edpolo<\/p>\n","protected":false},"author":1,"featured_media":39839,"comment_status":"open","ping_status":"open","sticky":false,"template":"","format":"standard","meta":{"fifu_image_url":"","fifu_image_alt":"","footnotes":""},"categories":[48],"tags":[],"class_list":["post-39838","post","type-post","status-publish","format-standard","has-post-thumbnail","hentry","category-mundo"],"distributor_meta":false,"distributor_terms":false,"distributor_media":false,"distributor_original_site_name":"Noticias em Destaque","distributor_original_site_url":"https:\/\/noticiasdestaque.com.br","push-errors":false,"_links":{"self":[{"href":"https:\/\/noticiasdestaque.com.br\/index.php\/wp-json\/wp\/v2\/posts\/39838","targetHints":{"allow":["GET"]}}],"collection":[{"href":"https:\/\/noticiasdestaque.com.br\/index.php\/wp-json\/wp\/v2\/posts"}],"about":[{"href":"https:\/\/noticiasdestaque.com.br\/index.php\/wp-json\/wp\/v2\/types\/post"}],"author":[{"embeddable":true,"href":"https:\/\/noticiasdestaque.com.br\/index.php\/wp-json\/wp\/v2\/users\/1"}],"replies":[{"embeddable":true,"href":"https:\/\/noticiasdestaque.com.br\/index.php\/wp-json\/wp\/v2\/comments?post=39838"}],"version-history":[{"count":0,"href":"https:\/\/noticiasdestaque.com.br\/index.php\/wp-json\/wp\/v2\/posts\/39838\/revisions"}],"wp:featuredmedia":[{"embeddable":true,"href":"https:\/\/noticiasdestaque.com.br\/index.php\/wp-json\/wp\/v2\/media\/39839"}],"wp:attachment":[{"href":"https:\/\/noticiasdestaque.com.br\/index.php\/wp-json\/wp\/v2\/media?parent=39838"}],"wp:term":[{"taxonomy":"category","embeddable":true,"href":"https:\/\/noticiasdestaque.com.br\/index.php\/wp-json\/wp\/v2\/categories?post=39838"},{"taxonomy":"post_tag","embeddable":true,"href":"https:\/\/noticiasdestaque.com.br\/index.php\/wp-json\/wp\/v2\/tags?post=39838"}],"curies":[{"name":"wp","href":"https:\/\/api.w.org\/{rel}","templated":true}]}}