{"id":39836,"date":"2024-11-12T16:00:00","date_gmt":"2024-11-12T19:00:00","guid":{"rendered":"https:\/\/noticiasdestaque.com.br\/index.php\/2024\/11\/12\/celular-em-sala-de-aula-86-dos-brasileiros-apoiam-algum-tipo-de-restricao-no-uso\/"},"modified":"2024-11-12T16:00:00","modified_gmt":"2024-11-12T19:00:00","slug":"celular-em-sala-de-aula-86-dos-brasileiros-apoiam-algum-tipo-de-restricao-no-uso","status":"publish","type":"post","link":"https:\/\/noticiasdestaque.com.br\/index.php\/2024\/11\/12\/celular-em-sala-de-aula-86-dos-brasileiros-apoiam-algum-tipo-de-restricao-no-uso\/","title":{"rendered":"Celular em sala de aula: 86% dos brasileiros apoiam algum tipo de restri\u00e7\u00e3o no uso"},"content":{"rendered":"<p>\t\t\t\t\t\t\t\t\t\t<audio controls class=\"b61_audio_player\" data-noticia=\"78498\" src=\"https:\/\/brasil61.com\/rails\/active_storage\/blobs\/eyJfcmFpbHMiOnsibWVzc2FnZSI6IkJBaHBBNVFSQXc9PSIsImV4cCI6bnVsbCwicHVyIjoiYmxvYl9pZCJ9fQ==--0a87335167ccf0da6bb2d44358f4d306f2e355b3\/BRAS2412995A\"><\/audio><\/p>\n<p>A restri\u00e7\u00e3o, de algum modo, do uso de celular em sala de aula \u00e9 apoiada por 86% da popula\u00e7\u00e3o brasileira, segundo <a href=\"https:\/\/www.nexus.fsb.com.br\/estudos-divulgados\/86-dos-brasileiros-sao-a-favor-de-restringir-celulares-nas-escolas\/\" target=\"_blank\">estudo da Nexus \u2013 Pesquisa e Intelig\u00eancia de Dados<\/a>, \u00a0uma empresa da FSB Holding. Para compor o percentual, a pesquisa soma os 54% dos respondentes favor\u00e1veis \u00e0 proibi\u00e7\u00e3o total aos 32% que defendem a libera\u00e7\u00e3o do celular apenas para atividades pedag\u00f3gicas em sala de aula.<\/p>\n<p>O CEO da Nexus, Marcelo Tokarski, destaca o expressivo n\u00famero de pessoas favor\u00e1veis a algum tipo de restri\u00e7\u00e3o e destaca que a expressividade surpreende, j\u00e1 que o debate \u00e9 recente no pa\u00eds.\u00a0<\/p>\n<p>\u201cA gente est\u00e1 falando a\u00ed de uma ampla maioria, 86%, que s\u00e3o favor\u00e1veis a restringir, esse dado de alguma maneira surpreende. Porque esse debate come\u00e7ou com mais intensidade no Brasil h\u00e1 poucos meses. H\u00e1 v\u00e1rios pa\u00edses na Europa que j\u00e1 pro\u00edbem e restringem o uso de celular nas escolas e o Brasil ainda n\u00e3o. Algumas escolas t\u00eam iniciativas pontuais, mas n\u00e3o h\u00e1 uma legisla\u00e7\u00e3o sobre isso\u201d, afirma Tokarski.<\/p>\n<p>A pesquisa mostra, ainda, que apenas 14% dos brasileiros s\u00e3o contr\u00e1rios \u00e0s medidas que, atualmente, est\u00e3o em debate no Congresso Nacional. No final de outubro, a Comiss\u00e3o de Educa\u00e7\u00e3o da C\u00e2mara aprovou um projeto que pro\u00edbe uso de celular em escolas (p\u00fablicas e privadas) .O texto ser\u00e1 analisado pela Comiss\u00e3o de Constitui\u00e7\u00e3o e Justi\u00e7a e de Cidadania.<\/p>\n<h2>Pesquisa<\/h2>\n<p>Segundo o estudo, os brasileiros entre 16 e 24 anos s\u00e3o os que mais apoiam, em algum n\u00edvel, a proibi\u00e7\u00e3o. Por\u00e9m, a restri\u00e7\u00e3o total tem menor ader\u00eancia a para essa parcela da popula\u00e7\u00e3o em rela\u00e7\u00e3o ao total. Confira:<\/p>\n<ul>\n<li>46% dos entrevistados entre 16 e 24 anos concordam com a proibi\u00e7\u00e3o total do uso dos aparelhos;<\/li>\n<li>43% defendem a utiliza\u00e7\u00e3o parcial dos celulares.<\/li>\n<\/ul>\n<p>\u201cMesmo os jovens de 16 a 24 anos, que em tese, voc\u00ea poderia imaginar que seriam menos favor\u00e1veis, eles tamb\u00e9m s\u00e3o favor\u00e1veis a algum tipo de restri\u00e7\u00e3o\u201d, frisa Tokarski.<\/p>\n<p>De acordo com o levantamento da Nexus, quanto mais alta a renda mais as pessoas s\u00e3o a favor da proibi\u00e7\u00e3o. Confira os dados: apenas 5% com renda superior a cinco sal\u00e1rios m\u00ednimos disse ser contr\u00e1ria \u00e0 proposta\u00a0que impede o uso de celulares nas escolas, contra 17% da popula\u00e7\u00e3o que ganha at\u00e9 um sal\u00e1rio m\u00ednimo.\u00a0<\/p>\n<p>Tokarski ressalta, ainda, que um dado relevante da pesquisa \u00e9 n\u00e3o haver diferen\u00e7a de opini\u00e3o entre quem convive ou n\u00e3o com crian\u00e7as que frequentam a escola. \u00a0Em ambos os perfis, 54% defendem a restri\u00e7\u00e3o total e 32%, a parcial.<\/p>\n<p>\u201cOu seja, mesmo quem n\u00e3o tem filho, quem n\u00e3o convive em casa, o irm\u00e3o mais velho de um estudante, por exemplo, mesmo essas pessoas, elas s\u00e3o altamente favor\u00e1veis a se restringir\u201d, aponta o CEO.<\/p>\n<p>Marcelo Tokarski ressalta tamb\u00e9m os avan\u00e7os do debate sobre o assunto no pa\u00eds e os impactos negativos do uso do celular em sala de aula.\u00a0<\/p>\n<p>\u201cO que me parece \u00e9 que esse \u00e9 um debate que est\u00e1 avan\u00e7ando e que as pessoas, \u00e0 medida que v\u00e3o sendo informadas, v\u00e3o lendo os impactos negativos que o uso excessivo do celular, e nesse caso espec\u00edfico, o uso do celular durante as aulas pelas crian\u00e7as, \u00e9 prejudicial ao aprendizado delas, porque a crian\u00e7a, o adolescente, o estudante em geral, ele acaba perdendo o foco, ele acaba se distraindo ali durante a aula e isso acaba prejudicando.\u201d\u00a0<\/p>\n<h2>Amostragem\u00a0<\/h2>\n<p>A Nexus entrevistou 2.010 cidad\u00e3os face-a-face, com idade a partir de 16 anos, nas 27 Unidades da Federa\u00e7\u00e3o (UFs). A margem de erro no total da amostra \u00e9 de 2 pp, com intervalo de confian\u00e7a de 95%.<\/p>\n<p>\u201cE para fechar, olhando aqui por regi\u00e3o, a gente tem s\u00f3 uma diferen\u00e7a na regi\u00e3o Sul, onde essa aprova\u00e7\u00e3o \u00e9 a maior de todas, ela chega a 93%. Ela \u00e9 de 86%, que \u00e9 a m\u00e9dia brasileira nas regi\u00f5es Nordeste, Norte e Centro-Oeste e no Sudeste \u00e9 um pouquinho abaixo, \u00e9 83%. Mas em todas as regi\u00f5es a aprova\u00e7\u00e3o a algum tipo de restri\u00e7\u00e3o ao uso de celular nas escolas \u00e9 a mesma\u201d, compartilha Tokarski.<\/p>\n<h2>Legisla\u00e7\u00e3o no Brasil<\/h2>\n<p>A proibi\u00e7\u00e3o ou restri\u00e7\u00e3o do uso de celular por alunos em sala de aula segue em debate em alguns estados brasileiros. Por exemplo, em S\u00e3o Paulo, a proibi\u00e7\u00e3o total de celular em escolas \u00a0foi aprovada em duas comiss\u00f5es da Assembleia Legislativa do estado (Alesp) \u2013 a de Educa\u00e7\u00e3o e Cultura; e a de Finan\u00e7as, Or\u00e7amento e Planejamento.\u00a0<\/p>\n<p>J\u00e1 os deputados da Assembleia Legislativa de Mato Grosso (ALMT) tamb\u00e9m aprovaram o projeto de lei que pro\u00edbe o uso de celulares nas salas de aula da rede p\u00fablica do estado. O texto segue para a segunda vota\u00e7\u00e3o no plen\u00e1rio.<\/p>\n<p>No Cear\u00e1, no munic\u00edpio de Juazeiro do Norte, j\u00e1 existe uma legisla\u00e7\u00e3o local que pro\u00edbe o uso de celulares e outros dispositivos tecnol\u00f3gicos pelos alunos nas unidades escolares da rede municipal de ensino.<\/p>\n<p>\t\t\t\t\t\t\t\t\t<img loading=\"lazy\" decoding=\"async\" src=\"https:\/\/brasil61.com\/api\/v1\/serve_pixel\/17677\/78498\" alt=\"Pixel Brasil 61\" class=\"b61_pixel\" width=\"0\" height=\"0\"><\/p>\n<input type=\"hidden\" id=\"baseurl\" value=\"https:\/\/noticiasdestaque.com.br\"><input type=\"hidden\" id=\"audio_nonce\" value=\"6f73a554f1\">","protected":false},"excerpt":{"rendered":"<p>Estudo da Nexus \u2013 Pesquisa e Intelig\u00eancia de Dados mostra que, para compor o percentual, 54% s\u00e3o favor\u00e1veis \u00e0 proibi\u00e7\u00e3o total e 32% defendem libera\u00e7\u00e3o apenas para atividades pedag\u00f3gicas<\/p>\n","protected":false},"author":1,"featured_media":39837,"comment_status":"open","ping_status":"open","sticky":false,"template":"","format":"standard","meta":{"fifu_image_url":"","fifu_image_alt":"","footnotes":""},"categories":[48],"tags":[],"class_list":["post-39836","post","type-post","status-publish","format-standard","has-post-thumbnail","hentry","category-mundo"],"distributor_meta":false,"distributor_terms":false,"distributor_media":false,"distributor_original_site_name":"Noticias em Destaque","distributor_original_site_url":"https:\/\/noticiasdestaque.com.br","push-errors":false,"_links":{"self":[{"href":"https:\/\/noticiasdestaque.com.br\/index.php\/wp-json\/wp\/v2\/posts\/39836","targetHints":{"allow":["GET"]}}],"collection":[{"href":"https:\/\/noticiasdestaque.com.br\/index.php\/wp-json\/wp\/v2\/posts"}],"about":[{"href":"https:\/\/noticiasdestaque.com.br\/index.php\/wp-json\/wp\/v2\/types\/post"}],"author":[{"embeddable":true,"href":"https:\/\/noticiasdestaque.com.br\/index.php\/wp-json\/wp\/v2\/users\/1"}],"replies":[{"embeddable":true,"href":"https:\/\/noticiasdestaque.com.br\/index.php\/wp-json\/wp\/v2\/comments?post=39836"}],"version-history":[{"count":0,"href":"https:\/\/noticiasdestaque.com.br\/index.php\/wp-json\/wp\/v2\/posts\/39836\/revisions"}],"wp:featuredmedia":[{"embeddable":true,"href":"https:\/\/noticiasdestaque.com.br\/index.php\/wp-json\/wp\/v2\/media\/39837"}],"wp:attachment":[{"href":"https:\/\/noticiasdestaque.com.br\/index.php\/wp-json\/wp\/v2\/media?parent=39836"}],"wp:term":[{"taxonomy":"category","embeddable":true,"href":"https:\/\/noticiasdestaque.com.br\/index.php\/wp-json\/wp\/v2\/categories?post=39836"},{"taxonomy":"post_tag","embeddable":true,"href":"https:\/\/noticiasdestaque.com.br\/index.php\/wp-json\/wp\/v2\/tags?post=39836"}],"curies":[{"name":"wp","href":"https:\/\/api.w.org\/{rel}","templated":true}]}}