{"id":39832,"date":"2024-11-10T04:02:00","date_gmt":"2024-11-10T07:02:00","guid":{"rendered":"https:\/\/noticiasdestaque.com.br\/index.php\/2024\/11\/10\/beneficiarios-do-inss-que-receberam-recursos-a-partir-de-junho-terao-13o-salario-em-novembro\/"},"modified":"2024-11-10T04:02:00","modified_gmt":"2024-11-10T07:02:00","slug":"beneficiarios-do-inss-que-receberam-recursos-a-partir-de-junho-terao-13o-salario-em-novembro","status":"publish","type":"post","link":"https:\/\/noticiasdestaque.com.br\/index.php\/2024\/11\/10\/beneficiarios-do-inss-que-receberam-recursos-a-partir-de-junho-terao-13o-salario-em-novembro\/","title":{"rendered":"Benefici\u00e1rios do INSS que receberam recursos a partir de junho ter\u00e3o 13\u00ba sal\u00e1rio em novembro"},"content":{"rendered":"<p>\t\t\t\t\t\t\t\t\t\t<audio controls class=\"b61_audio_player\" data-noticia=\"78458\" src=\"https:\/\/brasil61.com\/rails\/active_storage\/blobs\/eyJfcmFpbHMiOnsibWVzc2FnZSI6IkJBaHBBMFlSQXc9PSIsImV4cCI6bnVsbCwicHVyIjoiYmxvYl9pZCJ9fQ==--42e035ae2e90e50712153452291d264bb4739978\/BRAS2412984A\"><\/audio><\/p>\n<p>Uma parte dos benefici\u00e1rios do Instituto Nacional do Seguro Social (INSS) vai receber o 13\u00ba sal\u00e1rio em parcela \u00fanica. A medida vale para aposentados, pensionistas e pessoas que come\u00e7aram a receber benef\u00edcios a partir de junho de 2024.\u00a0<\/p>\n<p>Para esse grupo, os valores ser\u00e3o creditados agora em novembro, juntamente com o pagamento do benef\u00edcio mensal. O pagamento ter\u00e1 in\u00edcio no dia 25 deste m\u00eas e vai at\u00e9 6 de dezembro, levando em conta o final do benef\u00edcio e se o valor \u00e9 igual ou superior ao sal\u00e1rio m\u00ednimo.\u00a0<\/p>\n<p><a href=\"https:\/\/brasil61.com\/n\/bpc-o-que-fazer-quando-o-beneficio-e-bloqueado-bras2412955#:~:text=O%20BPC%20%C3%A9%20destinado%20a,fam%C3%ADlia%20estiverem%20inscritos%20no%20Cad%C3%9Anico.\" target=\"_blank\">BPC: O que fazer quando o benef\u00edcio \u00e9 bloqueado?<\/a><\/p>\n<p>A medida vale para benefici\u00e1rios de aux\u00edlio por incapacidade tempor\u00e1ria, aux\u00edlio-acidente, aposentados, pens\u00e3o por morte, aux\u00edlio-reclus\u00e3o e sal\u00e1rio-maternidade. Caso haja o fim de algum benef\u00edcio programado para antes do dia 31 de dezembro deste ano, ser\u00e1 pago o valor proporcional do abono anual ao benefici\u00e1rio.\u00a0<\/p>\n<h2>BPC<\/h2>\n<p>Vale lembrar que pessoas que recebem Benef\u00edcio de Presta\u00e7\u00e3o Continuada (BPC) n\u00e3o t\u00eam direito a 13\u00b0 sal\u00e1rio. O BPC \u00e9 destinado a idoso com idade igual ou acima de 65 anos\u00a0e tamb\u00e9m \u00e0 pessoa com defici\u00eancia de qualquer idade.\u00a0<\/p>\n<p>S\u00f3 tem direito ao PBC as pessoas com renda por pessoa do grupo familiar igual ou menor que 1\/4 do sal\u00e1rio m\u00ednimo e se o benefici\u00e1rio e sua fam\u00edlia estiverem inscritos no Cad\u00danico.\u00a0<\/p>\n<h2>Confira o calend\u00e1rio de pagamento do 13\u00b0<\/h2>\n<p><strong>Para quem ganha at\u00e9 um sal\u00e1rio m\u00ednimo<\/strong><\/p>\n<p>Final do benef\u00edcio \u00a0 &#8211; \u00a0 Dia do cr\u00e9dito<\/p>\n<ul>\n<li>1 &#8211; 25\/nov<\/li>\n<li>2 &#8211; 26\/nov<\/li>\n<li>3 &#8211; 27\/nov<\/li>\n<li>4 &#8211; 28\/nov<\/li>\n<li>5 &#8211; 29\/nov<\/li>\n<li>6 &#8211; 01\/dez<\/li>\n<li>7 &#8211; 02\/dez<\/li>\n<li>8 &#8211; 03\/dez<\/li>\n<li>9 &#8211; 04\/dez<\/li>\n<li>0 &#8211; 05\/dez<\/li>\n<\/ul>\n<p><strong>Para quem ganha acima do piso nacional<\/strong><\/p>\n<p>Final do benef\u00edcio \u00a0&#8211; \u00a0 Dia do cr\u00e9dito<\/p>\n<ul>\n<li>1 e 6 &#8211; 01\/dez<\/li>\n<li>2 e 7 &#8211; 03\/dez<\/li>\n<li>3 e 8 &#8211; 06\/dez<\/li>\n<li>4 e 9 &#8211; 07\/dez<\/li>\n<li>5 e 0 &#8211; 08\/dez<\/li>\n<\/ul>\n<p>Os benefici\u00e1rios tamb\u00e9m podem obter mais informa\u00e7\u00f5es por meio do site: <a href=\"https:\/\/www.meu.inss.gov.br\/#\/login\" target=\"_blank\">www.meu.inss.gov.br<\/a>, ou ainda pelo aplicativo Meu INSS.<\/p>\n<h2>Passo a passo da verifica\u00e7\u00e3o pelo site:<\/h2>\n<ul>\n<li>Clique em \u201cEntrar com gov.br&#8221;<\/li>\n<li>Informe o CPF e clique em &#8220;Continuar&#8221;<\/li>\n<li>Digite a senha e clique em &#8220;Entrar&#8221;<\/li>\n<li>Clique em &#8220;Extrato de Pagamento&#8221;<\/li>\n<li>No extrato estar\u00e1 informado o valor do pagamento mensal (c\u00f3digo 101) e o valor do 13\u00ba sal\u00e1rio (c\u00f3digo 104).<\/li>\n<\/ul>\n<h2>Passo a passo da verifica\u00e7\u00e3o pelo aplicativo:<\/h2>\n<ul>\n<li>Abra o aplicativo Meu INSS<\/li>\n<li>Clique em &#8220;Entrar com gov.br&#8221;<\/li>\n<li>Informe o CPF e clique em &#8220;Continuar&#8221;<\/li>\n<li>Digite sua senha e clique em &#8220;Entrar&#8221;<\/li>\n<li>Clique em &#8220;Extrato de pagamento&#8221;<\/li>\n<li>No extrato do m\u00eas referente ao pagamento do 13\u00ba estar\u00e1 informado o valor do pagamento mensal (c\u00f3digo 101) e o valor do 13\u00ba sal\u00e1rio (c\u00f3digo 104).<br \/>\n\t\u00a0<\/li>\n<\/ul>\n<p>\t\t\t\t\t\t\t\t\t<img loading=\"lazy\" decoding=\"async\" src=\"https:\/\/brasil61.com\/api\/v1\/serve_pixel\/17677\/78458\" alt=\"Pixel Brasil 61\" class=\"b61_pixel\" width=\"0\" height=\"0\"><\/p>\n<input type=\"hidden\" id=\"baseurl\" value=\"https:\/\/noticiasdestaque.com.br\"><input type=\"hidden\" id=\"audio_nonce\" value=\"5128c810d9\">","protected":false},"excerpt":{"rendered":"<p>Para esse grupo de benefici\u00e1rios, os valores ser\u00e3o creditados a partir de 25 deste m\u00eas, em parcela \u00fanica, juntamente com o pagamento do benef\u00edcio mensal<\/p>\n","protected":false},"author":1,"featured_media":39833,"comment_status":"open","ping_status":"open","sticky":false,"template":"","format":"standard","meta":{"fifu_image_url":"","fifu_image_alt":"","footnotes":""},"categories":[48],"tags":[],"class_list":["post-39832","post","type-post","status-publish","format-standard","has-post-thumbnail","hentry","category-mundo"],"distributor_meta":false,"distributor_terms":false,"distributor_media":false,"distributor_original_site_name":"Noticias em Destaque","distributor_original_site_url":"https:\/\/noticiasdestaque.com.br","push-errors":false,"_links":{"self":[{"href":"https:\/\/noticiasdestaque.com.br\/index.php\/wp-json\/wp\/v2\/posts\/39832","targetHints":{"allow":["GET"]}}],"collection":[{"href":"https:\/\/noticiasdestaque.com.br\/index.php\/wp-json\/wp\/v2\/posts"}],"about":[{"href":"https:\/\/noticiasdestaque.com.br\/index.php\/wp-json\/wp\/v2\/types\/post"}],"author":[{"embeddable":true,"href":"https:\/\/noticiasdestaque.com.br\/index.php\/wp-json\/wp\/v2\/users\/1"}],"replies":[{"embeddable":true,"href":"https:\/\/noticiasdestaque.com.br\/index.php\/wp-json\/wp\/v2\/comments?post=39832"}],"version-history":[{"count":0,"href":"https:\/\/noticiasdestaque.com.br\/index.php\/wp-json\/wp\/v2\/posts\/39832\/revisions"}],"wp:featuredmedia":[{"embeddable":true,"href":"https:\/\/noticiasdestaque.com.br\/index.php\/wp-json\/wp\/v2\/media\/39833"}],"wp:attachment":[{"href":"https:\/\/noticiasdestaque.com.br\/index.php\/wp-json\/wp\/v2\/media?parent=39832"}],"wp:term":[{"taxonomy":"category","embeddable":true,"href":"https:\/\/noticiasdestaque.com.br\/index.php\/wp-json\/wp\/v2\/categories?post=39832"},{"taxonomy":"post_tag","embeddable":true,"href":"https:\/\/noticiasdestaque.com.br\/index.php\/wp-json\/wp\/v2\/tags?post=39832"}],"curies":[{"name":"wp","href":"https:\/\/api.w.org\/{rel}","templated":true}]}}