{"id":39830,"date":"2024-11-09T08:00:00","date_gmt":"2024-11-09T11:00:00","guid":{"rendered":"https:\/\/noticiasdestaque.com.br\/index.php\/2024\/11\/09\/censo-demografico-81-da-populacao-do-pais-vive-em-favelas-e-comunidades-urbanas-no-brasil\/"},"modified":"2024-11-09T08:00:00","modified_gmt":"2024-11-09T11:00:00","slug":"censo-demografico-81-da-populacao-do-pais-vive-em-favelas-e-comunidades-urbanas-no-brasil","status":"publish","type":"post","link":"https:\/\/noticiasdestaque.com.br\/index.php\/2024\/11\/09\/censo-demografico-81-da-populacao-do-pais-vive-em-favelas-e-comunidades-urbanas-no-brasil\/","title":{"rendered":"Censo Demogr\u00e1fico: 8,1% da popula\u00e7\u00e3o do pa\u00eds vive em favelas e comunidades urbanas no Brasil"},"content":{"rendered":"<p>\t\t\t\t\t\t\t\t\t\t<audio controls class=\"b61_audio_player\" data-noticia=\"78453\" src=\"https:\/\/brasil61.com\/rails\/active_storage\/blobs\/eyJfcmFpbHMiOnsibWVzc2FnZSI6IkJBaHBBekFSQXc9PSIsImV4cCI6bnVsbCwicHVyIjoiYmxvYl9pZCJ9fQ==--466a2bfeec3e4c553beeea4c76b7201e77bee207\/BRAS2412979B\"><\/audio><\/p>\n<p>O Censo Demogr\u00e1fico 2022, divulgado na sexta-feira (11) pelo Instituto Brasileiro de Geografia e Estat\u00edstica (<a href=\"https:\/\/www.ibge.gov.br\/\" target=\"_blank\">IBGE<\/a>), aponta que encontrou 12.348 Favelas e Comunidades Urbanas no pa\u00eds. Nessas localidades viviam 16.390.815 pessoas, o que corresponde a 8,1% da popula\u00e7\u00e3o brasileira.<\/p>\n<p>Em compara\u00e7\u00e3o, no ano de 2010 foram identificadas 6.329 Favelas e Comunidades Urbanas, onde residiam 11.425.644 pessoas. Por\u00e9m, segundo o IBGE, a compara\u00e7\u00e3o deve ser feita com cautela, visto que o aumento pode ser explicado pelo aperfei\u00e7oamento tecnol\u00f3gico na a\u00e7\u00e3o censit\u00e1ria, al\u00e9m de maior conhecimento do territ\u00f3rio, o que pode ter melhorado a capta\u00e7\u00e3o das informa\u00e7\u00f5es nas favelas e comunidades.\u00a0<\/p>\n<p>Segundo o Censo 2022, a Rocinha, no Rio de Janeiro (RJ), \u00e9 a favela mais populosa do pa\u00eds, com 72.021 moradores, e ainda a que apresentou o maior n\u00famero de domic\u00edlios particulares permanentes ocupados (30.371 unidades). J\u00e1 a segunda favela mais populosa \u00e9\u00a0o Sol Nascente, em Bras\u00edlia (DF), com 70.908 habitantes. \u00a0<\/p>\n<p>J\u00e1 Parais\u00f3polis, em S\u00e3o Paulo (SP), ficou em terceiro lugar, com um total de 58.527 pessoas, seguida pela Cidade de Deus\/Alfredo Nascimento, em Manaus (AM), que registrou 55.821 moradores.<\/p>\n<p>Com rela\u00e7\u00e3o aos n\u00fameros absolutos de pessoas residentes em favelas e comunidades urbanas, quando somadas, as popula\u00e7\u00f5es dos estados de S\u00e3o Paulo, Rio de Janeiro e Par\u00e1 representam 44,7% do total. Confira os n\u00fameros de moradores em cada um desses estados:<\/p>\n<ul>\n<li>S\u00e3o Paulo: 3.630.519<\/li>\n<li>Rio de Janeiro: 2.142.466<\/li>\n<li>Par\u00e1: 1.523.608<\/li>\n<\/ul>\n<h2>Concentra\u00e7\u00e3o de favelas no pa\u00eds\u00a0<\/h2>\n<p>Os estados com as maiores propor\u00e7\u00f5es de sua popula\u00e7\u00e3o residindo nessas localidades eram Amazonas (34,7%), Amap\u00e1 (24,4%) e Par\u00e1 (18,8%). Confira o ranking de favelas e comunidades urbanas por regi\u00e3o:<\/p>\n<ul>\n<li>1\u00b0: Sudeste, com 6.016\u00a0<\/li>\n<li>2\u00b0: Nordeste, com 3.313<\/li>\n<li>3\u00b0: Norte, com 1.438<\/li>\n<li>4\u00b0: Sul, com\u00a0\u00a0 \u00a01.278<\/li>\n<li>5\u00b0: Centro-Oeste, com 303<\/li>\n<\/ul>\n<p>O censo listou as vinte Favelas e Comunidades Urbanas mais populosas do Brasil. Oito estavam na Regi\u00e3o Norte, sendo que seis delas no munic\u00edpio de Manaus (AM). Outras sete no Sudeste, quatro no Nordeste e apenas uma (Sol Nascente) no Centro-Oeste. A Regi\u00e3o Sul n\u00e3o tinha nenhuma favela entre as 20 com maior popula\u00e7\u00e3o.\u00a0\u00a0Veja o ranking:<\/p>\n<p><img decoding=\"async\" style=\"width:100%\" alt=\"\" src=\"https:\/\/noticiasdestaque.com.br\/wp-content\/uploads\/2024\/11\/CensoDemogrfico81dapopulaodopasviveemfavelasecomunidadesurbanasnoBrasil_0529227001731823443.png\" \/><\/p>\n<p>Os dados podem ser acessados no <a href=\"https:\/\/www.ibge.gov.br\/\" target=\"_blank\">portal do IBGE<\/a> e em plataformas como o <a href=\"https:\/\/sidra.ibge.gov.br\/home\/lspa\/brasil\" target=\"_blank\">Sidra<\/a>, na <a href=\"https:\/\/censo2022.ibge.gov.br\/apps\/pgi\/#\/home\" target=\"_blank\">Plataforma Geogr\u00e1fica Interativa (PGI)<\/a> e no <a href=\"https:\/\/censo2022.ibge.gov.br\/panorama\/\" target=\"_blank\">Panorama do Censo<\/a>.<br \/>\n\u00a0<\/p>\n<p>\t\t\t\t\t\t\t\t\t<img loading=\"lazy\" decoding=\"async\" src=\"https:\/\/brasil61.com\/api\/v1\/serve_pixel\/17677\/78453\" alt=\"Pixel Brasil 61\" class=\"b61_pixel\" width=\"0\" height=\"0\"><\/p>\n<input type=\"hidden\" id=\"baseurl\" value=\"https:\/\/noticiasdestaque.com.br\"><input type=\"hidden\" id=\"audio_nonce\" value=\"6f73a554f1\">","protected":false},"excerpt":{"rendered":"<p>A Rocinha, no Rio de Janeiro (RJ), \u00e9 a favela mais populosa do pa\u00eds, com 72.021 moradores; em segundo lugar est\u00e1 o Sol Nascente, em Bras\u00edlia (DF), com 70.908 habitantes<\/p>\n","protected":false},"author":1,"featured_media":39831,"comment_status":"open","ping_status":"open","sticky":false,"template":"","format":"standard","meta":{"fifu_image_url":"","fifu_image_alt":"","footnotes":""},"categories":[48],"tags":[],"class_list":["post-39830","post","type-post","status-publish","format-standard","has-post-thumbnail","hentry","category-mundo"],"distributor_meta":false,"distributor_terms":false,"distributor_media":false,"distributor_original_site_name":"Noticias em Destaque","distributor_original_site_url":"https:\/\/noticiasdestaque.com.br","push-errors":false,"_links":{"self":[{"href":"https:\/\/noticiasdestaque.com.br\/index.php\/wp-json\/wp\/v2\/posts\/39830","targetHints":{"allow":["GET"]}}],"collection":[{"href":"https:\/\/noticiasdestaque.com.br\/index.php\/wp-json\/wp\/v2\/posts"}],"about":[{"href":"https:\/\/noticiasdestaque.com.br\/index.php\/wp-json\/wp\/v2\/types\/post"}],"author":[{"embeddable":true,"href":"https:\/\/noticiasdestaque.com.br\/index.php\/wp-json\/wp\/v2\/users\/1"}],"replies":[{"embeddable":true,"href":"https:\/\/noticiasdestaque.com.br\/index.php\/wp-json\/wp\/v2\/comments?post=39830"}],"version-history":[{"count":0,"href":"https:\/\/noticiasdestaque.com.br\/index.php\/wp-json\/wp\/v2\/posts\/39830\/revisions"}],"wp:featuredmedia":[{"embeddable":true,"href":"https:\/\/noticiasdestaque.com.br\/index.php\/wp-json\/wp\/v2\/media\/39831"}],"wp:attachment":[{"href":"https:\/\/noticiasdestaque.com.br\/index.php\/wp-json\/wp\/v2\/media?parent=39830"}],"wp:term":[{"taxonomy":"category","embeddable":true,"href":"https:\/\/noticiasdestaque.com.br\/index.php\/wp-json\/wp\/v2\/categories?post=39830"},{"taxonomy":"post_tag","embeddable":true,"href":"https:\/\/noticiasdestaque.com.br\/index.php\/wp-json\/wp\/v2\/tags?post=39830"}],"curies":[{"name":"wp","href":"https:\/\/api.w.org\/{rel}","templated":true}]}}