{"id":39815,"date":"2024-11-13T18:00:00","date_gmt":"2024-11-13T21:00:00","guid":{"rendered":"https:\/\/noticiasdestaque.com.br\/index.php\/2024\/11\/13\/previsao-do-tempo-predominio-de-chuvas-no-sudeste-nesta-quinta-feira-14\/"},"modified":"2024-11-13T18:00:00","modified_gmt":"2024-11-13T21:00:00","slug":"previsao-do-tempo-predominio-de-chuvas-no-sudeste-nesta-quinta-feira-14","status":"publish","type":"post","link":"https:\/\/noticiasdestaque.com.br\/index.php\/2024\/11\/13\/previsao-do-tempo-predominio-de-chuvas-no-sudeste-nesta-quinta-feira-14\/","title":{"rendered":"PREVIS\u00c3O DO TEMPO: Predom\u00ednio de chuvas no Sudeste, nesta quinta-feira (14)"},"content":{"rendered":"<p>\t\t\t\t\t\t\t\t\t\t<audio controls class=\"b61_audio_player\" data-noticia=\"78520\" src=\"https:\/\/brasil61.com\/rails\/active_storage\/blobs\/eyJfcmFpbHMiOnsibWVzc2FnZSI6IkJBaHBBN3dSQXc9PSIsImV4cCI6bnVsbCwicHVyIjoiYmxvYl9pZCJ9fQ==--21aa69d4fd0e95611eba3abc5781e91e9099acef\/PTSD243881A\"><\/audio><\/p>\n<p>O tempo com chuvas continua prevalecendo em Minas Gerais, Esp\u00edrito Santo e Rio de Janeiro, nesta quinta-feira (14).<\/p>\n<p>Para a manh\u00e3 desta quinta, ainda vale o alerta do Instituto Nacional de Meteorologia (Inmet) de perigo de chuvas intensas \u2013 \u00a0com volumes entre 50 e 100 mm\/dia \u2013 em \u00e1reas mineiras, fluminenses e capixabas.<\/p>\n<p>O alerta abrange as seguintes regi\u00f5es: Tri\u00e2ngulo, Alto Parana\u00edba, Zona da Mata, Vale do Rio Doce, Campo das Vertentes, Metropolitana de Belo Horizonte, Jequitinhonha, Sul, Sudoeste e \u00a0Central mineira; Noroeste, Central e Sul esp\u00edrito-santense\u00a0e para a Metropolitana do Rio de Janeiro, Noroeste, Centro e Norte fluminenses.\u00a0<\/p>\n<p>No estado paulista, a manh\u00e3 de quinta ter\u00e1 muitas nuvens, sem chuvas, nas mesorregi\u00f5es de Presidente Prudente, Mar\u00edlia, Assis e Itapetininga. Pela tarde, pode chover na maior parte da Unidade da Federa\u00e7\u00e3o.<\/p>\n<p>Em Belo Horizonte (MG), temperatura m\u00ednima de 17\u00baC e m\u00e1xima de 24\u00baC. Em Vit\u00f3ria (ES), m\u00ednima de 22\u00baC e m\u00e1xima de 34\u00baC. S\u00e3o Paulo (SP) deve registrar 16\u00baC de m\u00ednima e 32\u00baC de m\u00e1xima. Os term\u00f4metros variam entre 20\u00baC e 39\u00baC na cidade do Rio de Janeiro (RJ).<\/p>\n<p>As informa\u00e7\u00f5es s\u00e3o do Instituto Nacional de Meteorologia.<br \/>\n\u00a0<\/p>\n<p>\t\t\t\t\t\t\t\t\t<img loading=\"lazy\" decoding=\"async\" src=\"https:\/\/brasil61.com\/api\/v1\/serve_pixel\/17677\/78520\" alt=\"Pixel Brasil 61\" class=\"b61_pixel\" width=\"0\" height=\"0\"><\/p>\n<input type=\"hidden\" id=\"baseurl\" value=\"https:\/\/noticiasdestaque.com.br\"><input type=\"hidden\" id=\"audio_nonce\" value=\"6f73a554f1\">","protected":false},"excerpt":{"rendered":"<p>Em \u00e1reas do estado paulista, a manh\u00e3 de quinta ter\u00e1 muitas nuvens, sem chuvas<\/p>\n","protected":false},"author":1,"featured_media":39816,"comment_status":"open","ping_status":"open","sticky":false,"template":"","format":"standard","meta":{"fifu_image_url":"","fifu_image_alt":"","footnotes":""},"categories":[58],"tags":[],"class_list":["post-39815","post","type-post","status-publish","format-standard","has-post-thumbnail","hentry","category-cotidiano"],"distributor_meta":false,"distributor_terms":false,"distributor_media":false,"distributor_original_site_name":"Noticias em Destaque","distributor_original_site_url":"https:\/\/noticiasdestaque.com.br","push-errors":false,"_links":{"self":[{"href":"https:\/\/noticiasdestaque.com.br\/index.php\/wp-json\/wp\/v2\/posts\/39815","targetHints":{"allow":["GET"]}}],"collection":[{"href":"https:\/\/noticiasdestaque.com.br\/index.php\/wp-json\/wp\/v2\/posts"}],"about":[{"href":"https:\/\/noticiasdestaque.com.br\/index.php\/wp-json\/wp\/v2\/types\/post"}],"author":[{"embeddable":true,"href":"https:\/\/noticiasdestaque.com.br\/index.php\/wp-json\/wp\/v2\/users\/1"}],"replies":[{"embeddable":true,"href":"https:\/\/noticiasdestaque.com.br\/index.php\/wp-json\/wp\/v2\/comments?post=39815"}],"version-history":[{"count":0,"href":"https:\/\/noticiasdestaque.com.br\/index.php\/wp-json\/wp\/v2\/posts\/39815\/revisions"}],"wp:featuredmedia":[{"embeddable":true,"href":"https:\/\/noticiasdestaque.com.br\/index.php\/wp-json\/wp\/v2\/media\/39816"}],"wp:attachment":[{"href":"https:\/\/noticiasdestaque.com.br\/index.php\/wp-json\/wp\/v2\/media?parent=39815"}],"wp:term":[{"taxonomy":"category","embeddable":true,"href":"https:\/\/noticiasdestaque.com.br\/index.php\/wp-json\/wp\/v2\/categories?post=39815"},{"taxonomy":"post_tag","embeddable":true,"href":"https:\/\/noticiasdestaque.com.br\/index.php\/wp-json\/wp\/v2\/tags?post=39815"}],"curies":[{"name":"wp","href":"https:\/\/api.w.org\/{rel}","templated":true}]}}