{"id":39801,"date":"2024-11-12T03:30:00","date_gmt":"2024-11-12T06:30:00","guid":{"rendered":"https:\/\/noticiasdestaque.com.br\/index.php\/2024\/11\/12\/ibovespa-fecha-estavel-aos-127-mil-pontos\/"},"modified":"2024-11-12T03:30:00","modified_gmt":"2024-11-12T06:30:00","slug":"ibovespa-fecha-estavel-aos-127-mil-pontos","status":"publish","type":"post","link":"https:\/\/noticiasdestaque.com.br\/index.php\/2024\/11\/12\/ibovespa-fecha-estavel-aos-127-mil-pontos\/","title":{"rendered":"Ibovespa fecha est\u00e1vel aos 127 mil pontos"},"content":{"rendered":"<p>\t\t\t\t\t\t\t\t\t\t<audio controls class=\"b61_audio_player\" data-noticia=\"78483\" src=\"https:\/\/brasil61.com\/rails\/active_storage\/blobs\/eyJfcmFpbHMiOnsibWVzc2FnZSI6IkJBaHBBM1FSQXc9PSIsImV4cCI6bnVsbCwicHVyIjoiYmxvYl9pZCJ9fQ==--7a425c5d074f4a884a3e3ba6e6d14bdae0f3e610\/BRAS2412992A\"><\/audio><\/p>\n<p>A bolsa de valores brasileira fechou a segunda-feira (11) em leve alta de 0,03% aos 127.873 pontos. Sem grandes oscila\u00e7\u00f5es durante o preg\u00e3o, o \u00edndice vem sendo influenciado pela expectativa em rela\u00e7\u00e3o ao an\u00fancio de cortes de gastos p\u00fablicos pelo governo, ainda sem data nem valores anunciados.\u00a0<\/p>\n<p>Nas a\u00e7\u00f5es, o dia n\u00e3o foi favor\u00e1vel para a mineradora Vale, que fechou o dia em forte queda de 3,27%, sofrendo a segunda baixa consecutiva. Queda tamb\u00e9m registrada nas varejistas Magazine Luiza, com perdas de 2,05%, e Lojas Renner, caindo 1,36%. A Petrobras subiu timidamente \u2014 alta de 0,19%. O equil\u00edbrio do \u00edndice ficou por conta da Embraer, que teve alta de 3,46%.\u00a0<\/p>\n<p>Os dados da bolsa de valores brasileira podem ser consultados no site da B3.<\/p>\n<p>\u00a0<\/p>\n<p>\t\t\t\t\t\t\t\t\t<img loading=\"lazy\" decoding=\"async\" src=\"https:\/\/brasil61.com\/api\/v1\/serve_pixel\/17677\/78483\" alt=\"Pixel Brasil 61\" class=\"b61_pixel\" width=\"0\" height=\"0\"><\/p>\n<input type=\"hidden\" id=\"baseurl\" value=\"https:\/\/noticiasdestaque.com.br\"><input type=\"hidden\" id=\"audio_nonce\" value=\"6f73a554f1\">","protected":false},"excerpt":{"rendered":"<p>Sem grandes oscila\u00e7\u00f5es durante o dia, Bolsa de Valores brasileira tem leve alta de 0,03%<\/p>\n","protected":false},"author":1,"featured_media":39802,"comment_status":"open","ping_status":"open","sticky":false,"template":"","format":"standard","meta":{"fifu_image_url":"","fifu_image_alt":"","footnotes":""},"categories":[59],"tags":[],"class_list":["post-39801","post","type-post","status-publish","format-standard","has-post-thumbnail","hentry","category-economia"],"distributor_meta":false,"distributor_terms":false,"distributor_media":false,"distributor_original_site_name":"Noticias em Destaque","distributor_original_site_url":"https:\/\/noticiasdestaque.com.br","push-errors":false,"_links":{"self":[{"href":"https:\/\/noticiasdestaque.com.br\/index.php\/wp-json\/wp\/v2\/posts\/39801","targetHints":{"allow":["GET"]}}],"collection":[{"href":"https:\/\/noticiasdestaque.com.br\/index.php\/wp-json\/wp\/v2\/posts"}],"about":[{"href":"https:\/\/noticiasdestaque.com.br\/index.php\/wp-json\/wp\/v2\/types\/post"}],"author":[{"embeddable":true,"href":"https:\/\/noticiasdestaque.com.br\/index.php\/wp-json\/wp\/v2\/users\/1"}],"replies":[{"embeddable":true,"href":"https:\/\/noticiasdestaque.com.br\/index.php\/wp-json\/wp\/v2\/comments?post=39801"}],"version-history":[{"count":0,"href":"https:\/\/noticiasdestaque.com.br\/index.php\/wp-json\/wp\/v2\/posts\/39801\/revisions"}],"wp:featuredmedia":[{"embeddable":true,"href":"https:\/\/noticiasdestaque.com.br\/index.php\/wp-json\/wp\/v2\/media\/39802"}],"wp:attachment":[{"href":"https:\/\/noticiasdestaque.com.br\/index.php\/wp-json\/wp\/v2\/media?parent=39801"}],"wp:term":[{"taxonomy":"category","embeddable":true,"href":"https:\/\/noticiasdestaque.com.br\/index.php\/wp-json\/wp\/v2\/categories?post=39801"},{"taxonomy":"post_tag","embeddable":true,"href":"https:\/\/noticiasdestaque.com.br\/index.php\/wp-json\/wp\/v2\/tags?post=39801"}],"curies":[{"name":"wp","href":"https:\/\/api.w.org\/{rel}","templated":true}]}}