{"id":39799,"date":"2024-11-12T01:00:00","date_gmt":"2024-11-12T04:00:00","guid":{"rendered":"https:\/\/noticiasdestaque.com.br\/index.php\/2024\/11\/12\/em-alta-mundial-dolar-e-cotado-a-r-577\/"},"modified":"2024-11-12T01:00:00","modified_gmt":"2024-11-12T04:00:00","slug":"em-alta-mundial-dolar-e-cotado-a-r-577","status":"publish","type":"post","link":"https:\/\/noticiasdestaque.com.br\/index.php\/2024\/11\/12\/em-alta-mundial-dolar-e-cotado-a-r-577\/","title":{"rendered":"Em alta mundial, d\u00f3lar \u00e9 cotado a R$ 5,77"},"content":{"rendered":"<p>\t\t\t\t\t\t\t\t\t\t<audio controls class=\"b61_audio_player\" data-noticia=\"78482\" src=\"https:\/\/brasil61.com\/rails\/active_storage\/blobs\/eyJfcmFpbHMiOnsibWVzc2FnZSI6IkJBaHBBM01SQXc9PSIsImV4cCI6bnVsbCwicHVyIjoiYmxvYl9pZCJ9fQ==--5c2f765ae8c3f73698500f60331e6769993f6ce8\/BRAS2412991A\"><\/audio><\/p>\n<p>O d\u00f3lar comercial come\u00e7a esta ter\u00e7a-feira (12) em alta de 0,58% cotado a R$ 5,77. O euro em leve queda come\u00e7a o dia a R$ 6,13.\u00a0<\/p>\n<p>No cen\u00e1rio externo a moeda americana segue valorizando-se de forma generalizada. Uma das explica\u00e7\u00f5es para a alta, segundo especialistas, \u00e9 o receio do mercado mundial pelo aumento de tarifas de importa\u00e7\u00e3o que devem ser adotadas por Donald Trump quando retornar \u00e0 Casa Branca.\u00a0<\/p>\n<p>J\u00e1 por aqui, a explica\u00e7\u00e3o \u00e9 a ansiedade pelo pacote de cortes de gastos que o governo vem prometendo divulgar em breve, mas ainda sem data definida. Ainda h\u00e1 especula\u00e7\u00e3o sobre os valores, mas n\u00fameros entre R$ 30 e 60 bilh\u00f5es s\u00e3o cogitados.\u00a0<\/p>\n<p>\u00a0<\/p>\n<p>\t\t\t\t\t\t\t\t\t<img loading=\"lazy\" decoding=\"async\" src=\"https:\/\/brasil61.com\/api\/v1\/serve_pixel\/17677\/78482\" alt=\"Pixel Brasil 61\" class=\"b61_pixel\" width=\"0\" height=\"0\"><\/p>\n<input type=\"hidden\" id=\"baseurl\" value=\"https:\/\/noticiasdestaque.com.br\"><input type=\"hidden\" id=\"audio_nonce\" value=\"6f73a554f1\">","protected":false},"excerpt":{"rendered":"<p>Expectativa sobre cortes de gastos p\u00fablicos ainda influencia na alta da moeda americana<\/p>\n","protected":false},"author":1,"featured_media":39800,"comment_status":"open","ping_status":"open","sticky":false,"template":"","format":"standard","meta":{"fifu_image_url":"","fifu_image_alt":"","footnotes":""},"categories":[59],"tags":[],"class_list":["post-39799","post","type-post","status-publish","format-standard","has-post-thumbnail","hentry","category-economia"],"distributor_meta":false,"distributor_terms":false,"distributor_media":false,"distributor_original_site_name":"Noticias em Destaque","distributor_original_site_url":"https:\/\/noticiasdestaque.com.br","push-errors":false,"_links":{"self":[{"href":"https:\/\/noticiasdestaque.com.br\/index.php\/wp-json\/wp\/v2\/posts\/39799","targetHints":{"allow":["GET"]}}],"collection":[{"href":"https:\/\/noticiasdestaque.com.br\/index.php\/wp-json\/wp\/v2\/posts"}],"about":[{"href":"https:\/\/noticiasdestaque.com.br\/index.php\/wp-json\/wp\/v2\/types\/post"}],"author":[{"embeddable":true,"href":"https:\/\/noticiasdestaque.com.br\/index.php\/wp-json\/wp\/v2\/users\/1"}],"replies":[{"embeddable":true,"href":"https:\/\/noticiasdestaque.com.br\/index.php\/wp-json\/wp\/v2\/comments?post=39799"}],"version-history":[{"count":0,"href":"https:\/\/noticiasdestaque.com.br\/index.php\/wp-json\/wp\/v2\/posts\/39799\/revisions"}],"wp:featuredmedia":[{"embeddable":true,"href":"https:\/\/noticiasdestaque.com.br\/index.php\/wp-json\/wp\/v2\/media\/39800"}],"wp:attachment":[{"href":"https:\/\/noticiasdestaque.com.br\/index.php\/wp-json\/wp\/v2\/media?parent=39799"}],"wp:term":[{"taxonomy":"category","embeddable":true,"href":"https:\/\/noticiasdestaque.com.br\/index.php\/wp-json\/wp\/v2\/categories?post=39799"},{"taxonomy":"post_tag","embeddable":true,"href":"https:\/\/noticiasdestaque.com.br\/index.php\/wp-json\/wp\/v2\/tags?post=39799"}],"curies":[{"name":"wp","href":"https:\/\/api.w.org\/{rel}","templated":true}]}}