{"id":39787,"date":"2024-11-12T18:00:00","date_gmt":"2024-11-12T21:00:00","guid":{"rendered":"https:\/\/noticiasdestaque.com.br\/index.php\/2024\/11\/12\/previsao-do-tempo-chuva-predomina-no-sudeste-nesta-quarta-13\/"},"modified":"2024-11-12T18:00:00","modified_gmt":"2024-11-12T21:00:00","slug":"previsao-do-tempo-chuva-predomina-no-sudeste-nesta-quarta-13","status":"publish","type":"post","link":"https:\/\/noticiasdestaque.com.br\/index.php\/2024\/11\/12\/previsao-do-tempo-chuva-predomina-no-sudeste-nesta-quarta-13\/","title":{"rendered":"PREVIS\u00c3O DO TEMPO: Chuva predomina no Sudeste nesta quarta (13)"},"content":{"rendered":"<p>\t\t\t\t\t\t\t\t\t\t<audio controls class=\"b61_audio_player\" data-noticia=\"78494\" src=\"https:\/\/brasil61.com\/rails\/active_storage\/blobs\/eyJfcmFpbHMiOnsibWVzc2FnZSI6IkJBaHBBNDhSQXc9PSIsImV4cCI6bnVsbCwicHVyIjoiYmxvYl9pZCJ9fQ==--540f45b7745d86cdfab3b14003097bd66d4876c2\/PTSD243880A\"><\/audio><\/p>\n<p>O sol na regi\u00e3o Sudeste nesta quarta-feira (13) deve aparecer entre nuvens na maioria dos estados. S\u00f3 no Esp\u00edrito Santo n\u00e3o h\u00e1 alerta de perigo e o tempo fica mais est\u00e1vel. Em Vit\u00f3ria faz calor e a m\u00e1xima chega aos 34\u00baC.\u00a0<\/p>\n<p>Em Minas Gerais h\u00e1 alerta de temporais para o tri\u00e2ngulo, como em Uberaba e Uberl\u00e2ndia, com m\u00e1ximas previstas de 29\u00baC.\u00a0<\/p>\n<p>Para o estado do Rio de Janeiro a previs\u00e3o \u00e9 de um dia de chuva, com muitas nuvens. Na capital carioca tem previs\u00e3o de chuvisco e queda de temperatura, com m\u00ednima de 18\u00baC. Outro alerta do Inmet \u00e9 para aumento dos ventos costeiros em toda a costa verde e na regi\u00e3o dos Lagos, como em Angra dos Reis e B\u00fazios.\u00a0<\/p>\n<p>S\u00e3o Paulo capital ter\u00e1 um dia nublado com m\u00ednima prevista de 17\u00baC.<\/p>\n<p>As informa\u00e7\u00f5es s\u00e3o do Inmet<\/p>\n<p>\u00a0<\/p>\n<p>\t\t\t\t\t\t\t\t\t<img loading=\"lazy\" decoding=\"async\" src=\"https:\/\/brasil61.com\/api\/v1\/serve_pixel\/17677\/78494\" alt=\"Pixel Brasil 61\" class=\"b61_pixel\" width=\"0\" height=\"0\"><\/p>\n<input type=\"hidden\" id=\"baseurl\" value=\"https:\/\/noticiasdestaque.com.br\"><input type=\"hidden\" id=\"audio_nonce\" value=\"6f73a554f1\">","protected":false},"excerpt":{"rendered":"<p>Centro-sul paulista deve ter tempo claro. Minas Gerais e Esp\u00edrito Santo t\u00eam previs\u00e3o de sol entre nuvens e pancadas de chuva <\/p>\n","protected":false},"author":1,"featured_media":39788,"comment_status":"open","ping_status":"open","sticky":false,"template":"","format":"standard","meta":{"fifu_image_url":"","fifu_image_alt":"","footnotes":""},"categories":[58],"tags":[],"class_list":["post-39787","post","type-post","status-publish","format-standard","has-post-thumbnail","hentry","category-cotidiano"],"distributor_meta":false,"distributor_terms":false,"distributor_media":false,"distributor_original_site_name":"Noticias em Destaque","distributor_original_site_url":"https:\/\/noticiasdestaque.com.br","push-errors":false,"_links":{"self":[{"href":"https:\/\/noticiasdestaque.com.br\/index.php\/wp-json\/wp\/v2\/posts\/39787","targetHints":{"allow":["GET"]}}],"collection":[{"href":"https:\/\/noticiasdestaque.com.br\/index.php\/wp-json\/wp\/v2\/posts"}],"about":[{"href":"https:\/\/noticiasdestaque.com.br\/index.php\/wp-json\/wp\/v2\/types\/post"}],"author":[{"embeddable":true,"href":"https:\/\/noticiasdestaque.com.br\/index.php\/wp-json\/wp\/v2\/users\/1"}],"replies":[{"embeddable":true,"href":"https:\/\/noticiasdestaque.com.br\/index.php\/wp-json\/wp\/v2\/comments?post=39787"}],"version-history":[{"count":0,"href":"https:\/\/noticiasdestaque.com.br\/index.php\/wp-json\/wp\/v2\/posts\/39787\/revisions"}],"wp:featuredmedia":[{"embeddable":true,"href":"https:\/\/noticiasdestaque.com.br\/index.php\/wp-json\/wp\/v2\/media\/39788"}],"wp:attachment":[{"href":"https:\/\/noticiasdestaque.com.br\/index.php\/wp-json\/wp\/v2\/media?parent=39787"}],"wp:term":[{"taxonomy":"category","embeddable":true,"href":"https:\/\/noticiasdestaque.com.br\/index.php\/wp-json\/wp\/v2\/categories?post=39787"},{"taxonomy":"post_tag","embeddable":true,"href":"https:\/\/noticiasdestaque.com.br\/index.php\/wp-json\/wp\/v2\/tags?post=39787"}],"curies":[{"name":"wp","href":"https:\/\/api.w.org\/{rel}","templated":true}]}}