{"id":39781,"date":"2024-11-12T18:00:00","date_gmt":"2024-11-12T21:00:00","guid":{"rendered":"https:\/\/noticiasdestaque.com.br\/index.php\/2024\/11\/12\/previsao-do-tempo-alerta-de-chuva-intensa-no-norte\/"},"modified":"2024-11-12T18:00:00","modified_gmt":"2024-11-12T21:00:00","slug":"previsao-do-tempo-alerta-de-chuva-intensa-no-norte","status":"publish","type":"post","link":"https:\/\/noticiasdestaque.com.br\/index.php\/2024\/11\/12\/previsao-do-tempo-alerta-de-chuva-intensa-no-norte\/","title":{"rendered":"PREVIS\u00c3O DO TEMPO: Alerta de chuva intensa no Norte"},"content":{"rendered":"<p>\t\t\t\t\t\t\t\t\t\t<audio controls class=\"b61_audio_player\" data-noticia=\"78491\" src=\"https:\/\/brasil61.com\/rails\/active_storage\/blobs\/eyJfcmFpbHMiOnsibWVzc2FnZSI6IkJBaHBBNUlSQXc9PSIsImV4cCI6bnVsbCwicHVyIjoiYmxvYl9pZCJ9fQ==--ee7e88d37c2e188a388c0888126f9f00801903b8\/PTRN244246A\"><\/audio><\/p>\n<p>Mais um dia marcado pela chuva nos estados da Regi\u00e3o Norte. O maior volume \u00e9 previsto para o Acre, sul do Amazonas e do Par\u00e1, al\u00e9m de Rond\u00f4nia. O Inmet emitiu um alerta de perigo potencial para essas regi\u00f5es, com ventos fortes e at\u00e9 50 mm de chuva previstos para o dia.\u00a0<\/p>\n<p>Os \u00fanicos estados que ficam fora da zona de risco s\u00e3o Roraima e Amap\u00e1, onde deve chover, mas em \u00e1reas isoladas sem risco. O alerta de perigo de maiores volumes foi emitido para todo o estado do Tocantins e sudeste do Par\u00e1.<\/p>\n<p>Rio Branco (AC) e Manaus (AM) ter\u00e3o uma quarta-feira de tempo nublado com chuvisco e 32\u00ba C de m\u00e1xima previstos para as duas capitais. Onde chove mais forte, como em Palmas (TO) e Natividade, mais ao sul do estado, as temperaturas m\u00ednimas ficam em 23\u00baC.<\/p>\n<p>As informa\u00e7\u00f5es s\u00e3o do Inmet<\/p>\n<p>\u00a0<\/p>\n<p>\t\t\t\t\t\t\t\t\t<img loading=\"lazy\" decoding=\"async\" src=\"https:\/\/brasil61.com\/api\/v1\/serve_pixel\/17677\/78491\" alt=\"Pixel Brasil 61\" class=\"b61_pixel\" width=\"0\" height=\"0\"><\/p>\n<input type=\"hidden\" id=\"baseurl\" value=\"https:\/\/noticiasdestaque.com.br\"><input type=\"hidden\" id=\"audio_nonce\" value=\"6f73a554f1\">","protected":false},"excerpt":{"rendered":"<p>Zona de risco inclui Acre, sul do Amazonas e do Par\u00e1, al\u00e9m do Tocantins<\/p>\n","protected":false},"author":1,"featured_media":39782,"comment_status":"open","ping_status":"open","sticky":false,"template":"","format":"standard","meta":{"fifu_image_url":"","fifu_image_alt":"","footnotes":""},"categories":[58],"tags":[],"class_list":["post-39781","post","type-post","status-publish","format-standard","has-post-thumbnail","hentry","category-cotidiano"],"distributor_meta":false,"distributor_terms":false,"distributor_media":false,"distributor_original_site_name":"Noticias em Destaque","distributor_original_site_url":"https:\/\/noticiasdestaque.com.br","push-errors":false,"_links":{"self":[{"href":"https:\/\/noticiasdestaque.com.br\/index.php\/wp-json\/wp\/v2\/posts\/39781","targetHints":{"allow":["GET"]}}],"collection":[{"href":"https:\/\/noticiasdestaque.com.br\/index.php\/wp-json\/wp\/v2\/posts"}],"about":[{"href":"https:\/\/noticiasdestaque.com.br\/index.php\/wp-json\/wp\/v2\/types\/post"}],"author":[{"embeddable":true,"href":"https:\/\/noticiasdestaque.com.br\/index.php\/wp-json\/wp\/v2\/users\/1"}],"replies":[{"embeddable":true,"href":"https:\/\/noticiasdestaque.com.br\/index.php\/wp-json\/wp\/v2\/comments?post=39781"}],"version-history":[{"count":0,"href":"https:\/\/noticiasdestaque.com.br\/index.php\/wp-json\/wp\/v2\/posts\/39781\/revisions"}],"wp:featuredmedia":[{"embeddable":true,"href":"https:\/\/noticiasdestaque.com.br\/index.php\/wp-json\/wp\/v2\/media\/39782"}],"wp:attachment":[{"href":"https:\/\/noticiasdestaque.com.br\/index.php\/wp-json\/wp\/v2\/media?parent=39781"}],"wp:term":[{"taxonomy":"category","embeddable":true,"href":"https:\/\/noticiasdestaque.com.br\/index.php\/wp-json\/wp\/v2\/categories?post=39781"},{"taxonomy":"post_tag","embeddable":true,"href":"https:\/\/noticiasdestaque.com.br\/index.php\/wp-json\/wp\/v2\/tags?post=39781"}],"curies":[{"name":"wp","href":"https:\/\/api.w.org\/{rel}","templated":true}]}}