{"id":39747,"date":"2024-11-09T18:00:00","date_gmt":"2024-11-09T21:00:00","guid":{"rendered":"https:\/\/noticiasdestaque.com.br\/index.php\/2024\/11\/09\/previsao-do-tempo-sol-e-tempo-claro-predominam-no-sul\/"},"modified":"2024-11-09T18:00:00","modified_gmt":"2024-11-09T21:00:00","slug":"previsao-do-tempo-sol-e-tempo-claro-predominam-no-sul","status":"publish","type":"post","link":"https:\/\/noticiasdestaque.com.br\/index.php\/2024\/11\/09\/previsao-do-tempo-sol-e-tempo-claro-predominam-no-sul\/","title":{"rendered":"PREVIS\u00c3O DO TEMPO: Sol e tempo claro predominam no Sul"},"content":{"rendered":"<p>\t\t\t\t\t\t\t\t\t\t<audio controls class=\"b61_audio_player\" data-noticia=\"78445\" src=\"https:\/\/brasil61.com\/rails\/active_storage\/blobs\/eyJfcmFpbHMiOnsibWVzc2FnZSI6IkJBaHBBeVFSQXc9PSIsImV4cCI6bnVsbCwicHVyIjoiYmxvYl9pZCJ9fQ==--5a1f3d23ac6a03812a46a293eae8686a63420f78\/PTRS243758A\"><\/audio><\/p>\n<p>O domingo ser\u00e1 de sol em quase 100% do Sul do pa\u00eds, com previs\u00e3o de poucas nuvens e c\u00e9u limpo em todas as capitais. Quanto mais ao sul, mais calor previsto. Em Porto Alegre por exemplo, com um dia claro, deve fazer entre 17\u00baC e 26\u00baC. J\u00e1 na serra, em cidades como Gramado e Bento Gon\u00e7alves, o tempo firme dissipa o calor \u00e0 noite e a m\u00ednima pode cair a 9\u00baC, em compensa\u00e7\u00e3o, a m\u00e1xima prevista durante o dia ser\u00e1 de 27\u00baC.\u00a0<\/p>\n<p>Em Santa Catarina a previs\u00e3o se repete, com tempo firme e sol, tanto no litoral quanto na serra. A amplitude t\u00e9rmica tamb\u00e9m aumenta nas cidades com altitude maior, como Lages e Cap\u00e3o Alto, onde a varia\u00e7\u00e3o vai dos 9\u00baC na madrugada at\u00e9 os 28\u00baC ao longo do dia.<\/p>\n<p>O Paran\u00e1 \u00e9 que tem chances de aumento da nebulosidade e de chover em \u00e1reas isoladas de cidades litor\u00e2neas, como Paranagu\u00e1. Curitiba \u00e9 a capital mais fria do Sul e ter\u00e1 um domingo com m\u00ednima de 14\u00baC.\u00a0<br \/>\n\u00a0<br \/>\nAs informa\u00e7\u00f5es s\u00e3o do Inmet<\/p>\n<p>\n\u00a0<\/p>\n<p>\t\t\t\t\t\t\t\t\t<img loading=\"lazy\" decoding=\"async\" src=\"https:\/\/brasil61.com\/api\/v1\/serve_pixel\/17677\/78445\" alt=\"Pixel Brasil 61\" class=\"b61_pixel\" width=\"0\" height=\"0\"><\/p>\n<input type=\"hidden\" id=\"baseurl\" value=\"https:\/\/noticiasdestaque.com.br\"><input type=\"hidden\" id=\"audio_nonce\" value=\"6f73a554f1\">","protected":false},"excerpt":{"rendered":"<p>Previs\u00e3o de aumento de nuvens apenas numa pequena faixa do litoral paranaense<\/p>\n","protected":false},"author":1,"featured_media":39748,"comment_status":"open","ping_status":"open","sticky":false,"template":"","format":"standard","meta":{"fifu_image_url":"","fifu_image_alt":"","footnotes":""},"categories":[58],"tags":[],"class_list":["post-39747","post","type-post","status-publish","format-standard","has-post-thumbnail","hentry","category-cotidiano"],"distributor_meta":false,"distributor_terms":false,"distributor_media":false,"distributor_original_site_name":"Noticias em Destaque","distributor_original_site_url":"https:\/\/noticiasdestaque.com.br","push-errors":false,"_links":{"self":[{"href":"https:\/\/noticiasdestaque.com.br\/index.php\/wp-json\/wp\/v2\/posts\/39747","targetHints":{"allow":["GET"]}}],"collection":[{"href":"https:\/\/noticiasdestaque.com.br\/index.php\/wp-json\/wp\/v2\/posts"}],"about":[{"href":"https:\/\/noticiasdestaque.com.br\/index.php\/wp-json\/wp\/v2\/types\/post"}],"author":[{"embeddable":true,"href":"https:\/\/noticiasdestaque.com.br\/index.php\/wp-json\/wp\/v2\/users\/1"}],"replies":[{"embeddable":true,"href":"https:\/\/noticiasdestaque.com.br\/index.php\/wp-json\/wp\/v2\/comments?post=39747"}],"version-history":[{"count":0,"href":"https:\/\/noticiasdestaque.com.br\/index.php\/wp-json\/wp\/v2\/posts\/39747\/revisions"}],"wp:featuredmedia":[{"embeddable":true,"href":"https:\/\/noticiasdestaque.com.br\/index.php\/wp-json\/wp\/v2\/media\/39748"}],"wp:attachment":[{"href":"https:\/\/noticiasdestaque.com.br\/index.php\/wp-json\/wp\/v2\/media?parent=39747"}],"wp:term":[{"taxonomy":"category","embeddable":true,"href":"https:\/\/noticiasdestaque.com.br\/index.php\/wp-json\/wp\/v2\/categories?post=39747"},{"taxonomy":"post_tag","embeddable":true,"href":"https:\/\/noticiasdestaque.com.br\/index.php\/wp-json\/wp\/v2\/tags?post=39747"}],"curies":[{"name":"wp","href":"https:\/\/api.w.org\/{rel}","templated":true}]}}