{"id":39745,"date":"2024-11-09T14:00:00","date_gmt":"2024-11-09T17:00:00","guid":{"rendered":"https:\/\/noticiasdestaque.com.br\/index.php\/2024\/11\/09\/covid-19-ministerio-da-saude-distribui-12-mi-de-doses-de-vacina-para-estados-e-df\/"},"modified":"2024-11-09T14:00:00","modified_gmt":"2024-11-09T17:00:00","slug":"covid-19-ministerio-da-saude-distribui-12-mi-de-doses-de-vacina-para-estados-e-df","status":"publish","type":"post","link":"https:\/\/noticiasdestaque.com.br\/index.php\/2024\/11\/09\/covid-19-ministerio-da-saude-distribui-12-mi-de-doses-de-vacina-para-estados-e-df\/","title":{"rendered":"Covid-19: Minist\u00e9rio da Sa\u00fade distribui 1,2 mi de doses de vacina para estados e DF"},"content":{"rendered":"<p>\t\t\t\t\t\t\t\t\t\t<audio controls class=\"b61_audio_player\" data-noticia=\"78454\" src=\"https:\/\/brasil61.com\/rails\/active_storage\/blobs\/eyJfcmFpbHMiOnsibWVzc2FnZSI6IkJBaHBBeklSQXc9PSIsImV4cCI6bnVsbCwicHVyIjoiYmxvYl9pZCJ9fQ==--43f396868c15fa6aa8f2081a804a65cee083589c\/BRAS2412980A\"><\/audio><\/p>\n<p>Todos os estados e o DF j\u00e1 est\u00e3o abastecidos com as doses da vacina contra a Covid-19. segundo atualiza\u00e7\u00e3o do Minist\u00e9rio da Sa\u00fade. O\u00a0lote emergencial de vacinas \u2014 com 1,2 milh\u00e3o de doses \u2014 foi distribu\u00eddo integralmente entre as unidades da federa\u00e7\u00e3o e os gestores locais locais dever\u00e3o fazer a distribui\u00e7\u00e3o conforme a necessidade de cada local.\u00a0<\/p>\n<p>Outro lote \u2014 com 69 milh\u00f5es de doses \u2014 foi arrematado pelo Minist\u00e9rio e deve garantir a cobertura da popula\u00e7\u00e3o pelos pr\u00f3ximos 2 anos.\u00a0<\/p>\n<h2>XBB<\/h2>\n<p>A vacina usada hoje para combater as cepas mais circulantes do coronav\u00edrus \u00e9 a XBB 1.5. Segundo o Minist\u00e9rio da Sa\u00fade, mais de 4,4 milh\u00f5es de doses desse imunizante foram aplicadas em todo o Brasil. A cobertura vacinal mostra que cerca de 86% dos brasileiros t\u00eam ao menos duas doses da vacina. \u00a0<\/p>\n<h2>P\u00fablico-alvo<\/h2>\n<p>A vacina contra a Covid-19 faz parte do Calend\u00e1rio Nacional de Vacina\u00e7\u00e3o e deve ser aplicada em crian\u00e7as entre seis meses e menores de 5 anos de idade, na rotina.\u00a0Al\u00e9m disso, \u00e9 fundamental para garantir a prote\u00e7\u00e3o de pessoas dos grupos priorit\u00e1rios \u2014 como diab\u00e9ticos, hipertensos e imunossuprimidos.\u00a0Quem nunca recebeu nenhuma dose da vacina tamb\u00e9m precisa se imunizar. Para isso, basta ir a um posto de sa\u00fade levando o documento de identifica\u00e7\u00e3o.<\/p>\n<h2>Casos e mortes\u00a0<\/h2>\n<p>O Brasil mant\u00e9m estabilidade no n\u00famero de casos de Covid-19, com 7.706 casos da doen\u00e7a registrados na \u00faltima semana epidemiol\u00f3gica, segundo dados do Painel Coronav\u00edrus, do Minist\u00e9rio da Sa\u00fade. O n\u00famero total de mortes pela doen\u00e7a at\u00e9 2 de novembro foi de 5.440.\u00a0<\/p>\n<p>Segundo o informe da vigil\u00e2ncia sobre s\u00edndromes gripais, os casos de SRAG por Covid-19 seguem mostrando sinais de queda na maioria dos estados<\/p>\n<p>\t\t\t\t\t\t\t\t\t<img loading=\"lazy\" decoding=\"async\" src=\"https:\/\/brasil61.com\/api\/v1\/serve_pixel\/17677\/78454\" alt=\"Pixel Brasil 61\" class=\"b61_pixel\" width=\"0\" height=\"0\"><\/p>\n<input type=\"hidden\" id=\"baseurl\" value=\"https:\/\/noticiasdestaque.com.br\"><input type=\"hidden\" id=\"audio_nonce\" value=\"6f73a554f1\">","protected":false},"excerpt":{"rendered":"<p>Vacina faz parte do Calend\u00e1rio Nacional de Vacina\u00e7\u00e3o e deve ser aplicada em crian\u00e7as entre seis meses e menores de 5 anos de idade<\/p>\n","protected":false},"author":1,"featured_media":39746,"comment_status":"open","ping_status":"open","sticky":false,"template":"","format":"standard","meta":{"fifu_image_url":"","fifu_image_alt":"","footnotes":""},"categories":[51],"tags":[],"class_list":["post-39745","post","type-post","status-publish","format-standard","has-post-thumbnail","hentry","category-saude"],"distributor_meta":false,"distributor_terms":false,"distributor_media":false,"distributor_original_site_name":"Noticias em Destaque","distributor_original_site_url":"https:\/\/noticiasdestaque.com.br","push-errors":false,"_links":{"self":[{"href":"https:\/\/noticiasdestaque.com.br\/index.php\/wp-json\/wp\/v2\/posts\/39745","targetHints":{"allow":["GET"]}}],"collection":[{"href":"https:\/\/noticiasdestaque.com.br\/index.php\/wp-json\/wp\/v2\/posts"}],"about":[{"href":"https:\/\/noticiasdestaque.com.br\/index.php\/wp-json\/wp\/v2\/types\/post"}],"author":[{"embeddable":true,"href":"https:\/\/noticiasdestaque.com.br\/index.php\/wp-json\/wp\/v2\/users\/1"}],"replies":[{"embeddable":true,"href":"https:\/\/noticiasdestaque.com.br\/index.php\/wp-json\/wp\/v2\/comments?post=39745"}],"version-history":[{"count":0,"href":"https:\/\/noticiasdestaque.com.br\/index.php\/wp-json\/wp\/v2\/posts\/39745\/revisions"}],"wp:featuredmedia":[{"embeddable":true,"href":"https:\/\/noticiasdestaque.com.br\/index.php\/wp-json\/wp\/v2\/media\/39746"}],"wp:attachment":[{"href":"https:\/\/noticiasdestaque.com.br\/index.php\/wp-json\/wp\/v2\/media?parent=39745"}],"wp:term":[{"taxonomy":"category","embeddable":true,"href":"https:\/\/noticiasdestaque.com.br\/index.php\/wp-json\/wp\/v2\/categories?post=39745"},{"taxonomy":"post_tag","embeddable":true,"href":"https:\/\/noticiasdestaque.com.br\/index.php\/wp-json\/wp\/v2\/tags?post=39745"}],"curies":[{"name":"wp","href":"https:\/\/api.w.org\/{rel}","templated":true}]}}