{"id":39721,"date":"2024-11-05T04:04:00","date_gmt":"2024-11-05T07:04:00","guid":{"rendered":"https:\/\/noticiasdestaque.com.br\/index.php\/2024\/11\/05\/dengue-saude-vai-investir-r-15-bi-no-controle-da-doenca\/"},"modified":"2024-11-05T04:04:00","modified_gmt":"2024-11-05T07:04:00","slug":"dengue-saude-vai-investir-r-15-bi-no-controle-da-doenca","status":"publish","type":"post","link":"https:\/\/noticiasdestaque.com.br\/index.php\/2024\/11\/05\/dengue-saude-vai-investir-r-15-bi-no-controle-da-doenca\/","title":{"rendered":"Dengue: Sa\u00fade vai investir R$ 1,5 bi no controle da doen\u00e7a"},"content":{"rendered":"<p>\t\t\t\t\t\t\t\t\t\t<audio controls class=\"b61_audio_player\" data-noticia=\"78371\" src=\"https:\/\/brasil61.com\/rails\/active_storage\/blobs\/eyJfcmFpbHMiOnsibWVzc2FnZSI6IkJBaHBBMDBRQXc9PSIsImV4cCI6bnVsbCwicHVyIjoiYmxvYl9pZCJ9fQ==--34446b60c7847c99a9c540ecb6e72ae275be7e1e\/BRAS2412946A\"><\/audio><\/p>\n<p>Um investimento de mais de R$ 1,5 bilh\u00e3o para controlar e combater o mosquito da dengue.\u00a0Esse \u00e9 o objetivo do Minist\u00e9rio da Sa\u00fade para evitar que 2025 seja t\u00e3o desafiador como foi este ano, no controle da doen\u00e7a. Segundo a pasta, foram mais de 6,5 milh\u00f5es de casos, com 5.720 mortes em 2024.\u00a0<\/p>\n<p>Estados, munic\u00edpios e o DF v\u00e3o receber 50% a mais do que foi investido no ano passado. A aposta para reduzir os casos da doen\u00e7a com a ajuda de novas tecnologias, como o m\u00e9todo Wolbachia \u2014 que consiste em usar uma bact\u00e9ria que vive em muitos insetos\u00a0para controlar popula\u00e7\u00f5es de mosquitos, especialmente os transmissores de doen\u00e7as como a dengue, zika e chikungunya.<\/p>\n<p>O m\u00e9todo, que j\u00e1 foi usado em cidades como Niter\u00f3i \u2014 a primeira cidade 100% protegida pelo Wolbachia, implantado na regi\u00e3o em 2014 \u2014 Rio de Janeiro, Campo Grande (MS), Petrolina (PE), Belo Horizonte (MG), ser\u00e1 expandido para outras cidades.\u00a0\u00a0<\/p>\n<h2>Outras formas de controle<\/h2>\n<p>O investimento em preven\u00e7\u00e3o tamb\u00e9m prev\u00ea a cria\u00e7\u00e3o de mais esta\u00e7\u00f5es disseminadoras de larvicidas, inseticidas e biolarvicidas, al\u00e9m do uso de mosquitos est\u00e9reis. Segundo o Minist\u00e9rio da Sa\u00fade informou em nota, os recursos v\u00e3o sendo distribu\u00eddos conforme a solicita\u00e7\u00e3o dos estados.<\/p>\n<h2>Vacina\u00e7\u00e3o<\/h2>\n<p>Para prevenir casos mais graves da doen\u00e7a,\u00a0a vacina\u00e7\u00e3o continua nos postos de sa\u00fade para o p\u00fablico entre 10 e 14 anos, com duas doses do imunizante.\u00a0<\/p>\n<p>Mais de um ter\u00e7o das cidades \u2014 1.921 munic\u00edpios \u2014 j\u00e1 receberam a vacina contra a dengue. At\u00e9 hoje, j\u00e1 foram distribu\u00eddas 6,5 milh\u00f5es de doses, suficientes para vacinar 3,2 milh\u00f5es de crian\u00e7as e adolescentes. Outras 9,5 milh\u00f5es de doses j\u00e1 foram contratadas para o ano que vem.\u00a0<\/p>\n<h2>Campanha nacional de conscientiza\u00e7\u00e3o<\/h2>\n<p>Outra aposta do Minist\u00e9rio \u00e9 no apoio da sociedade para o combate ao mosquito \u2014 j\u00e1 que a participa\u00e7\u00e3o de todos \u00e9 fundamental para a elimina\u00e7\u00e3o dos focos \u2014 que continua sendo a forma mais efetiva de evitar a doen\u00e7a. Para isso, o minist\u00e9rio lan\u00e7ou a campanha nacional de conscientiza\u00e7\u00e3o, que incentiva a popula\u00e7\u00e3o a dedicar 10 minutos por semana para controlar os focos do Aedes Aegypti.\u00a0<\/p>\n<p>Outra a\u00e7\u00e3o fundamental no controle do mosquito \u00e9 que a popula\u00e7\u00e3o fa\u00e7a busca por poss\u00edveis focos em casa, toda semana. Usar repelentes e telas mosquiteiras em portas e janelas tamb\u00e9m s\u00e3o medidas que ajudam a reduzir o n\u00famero de infec\u00e7\u00f5es pela doen\u00e7a.\u00a0<\/p>\n<p>\t\t\t\t\t\t\t\t\t<img loading=\"lazy\" decoding=\"async\" src=\"https:\/\/brasil61.com\/api\/v1\/serve_pixel\/17677\/78371\" alt=\"Pixel Brasil 61\" class=\"b61_pixel\" width=\"0\" height=\"0\"><\/p>\n<input type=\"hidden\" id=\"baseurl\" value=\"https:\/\/noticiasdestaque.com.br\"><input type=\"hidden\" id=\"audio_nonce\" value=\"6f73a554f1\">","protected":false},"excerpt":{"rendered":"<p>Novas tecnologias no combate ao mosquito aliadas a a\u00e7\u00f5es de preven\u00e7\u00e3o, vigil\u00e2ncia e assist\u00eancia ser\u00e3o usadas antes do chegada do per\u00edodo cr\u00edtico, em 2025<\/p>\n","protected":false},"author":1,"featured_media":39722,"comment_status":"open","ping_status":"open","sticky":false,"template":"","format":"standard","meta":{"fifu_image_url":"","fifu_image_alt":"","footnotes":""},"categories":[51],"tags":[],"class_list":["post-39721","post","type-post","status-publish","format-standard","has-post-thumbnail","hentry","category-saude"],"distributor_meta":false,"distributor_terms":false,"distributor_media":false,"distributor_original_site_name":"Noticias em Destaque","distributor_original_site_url":"https:\/\/noticiasdestaque.com.br","push-errors":false,"_links":{"self":[{"href":"https:\/\/noticiasdestaque.com.br\/index.php\/wp-json\/wp\/v2\/posts\/39721","targetHints":{"allow":["GET"]}}],"collection":[{"href":"https:\/\/noticiasdestaque.com.br\/index.php\/wp-json\/wp\/v2\/posts"}],"about":[{"href":"https:\/\/noticiasdestaque.com.br\/index.php\/wp-json\/wp\/v2\/types\/post"}],"author":[{"embeddable":true,"href":"https:\/\/noticiasdestaque.com.br\/index.php\/wp-json\/wp\/v2\/users\/1"}],"replies":[{"embeddable":true,"href":"https:\/\/noticiasdestaque.com.br\/index.php\/wp-json\/wp\/v2\/comments?post=39721"}],"version-history":[{"count":0,"href":"https:\/\/noticiasdestaque.com.br\/index.php\/wp-json\/wp\/v2\/posts\/39721\/revisions"}],"wp:featuredmedia":[{"embeddable":true,"href":"https:\/\/noticiasdestaque.com.br\/index.php\/wp-json\/wp\/v2\/media\/39722"}],"wp:attachment":[{"href":"https:\/\/noticiasdestaque.com.br\/index.php\/wp-json\/wp\/v2\/media?parent=39721"}],"wp:term":[{"taxonomy":"category","embeddable":true,"href":"https:\/\/noticiasdestaque.com.br\/index.php\/wp-json\/wp\/v2\/categories?post=39721"},{"taxonomy":"post_tag","embeddable":true,"href":"https:\/\/noticiasdestaque.com.br\/index.php\/wp-json\/wp\/v2\/tags?post=39721"}],"curies":[{"name":"wp","href":"https:\/\/api.w.org\/{rel}","templated":true}]}}