{"id":39719,"date":"2024-11-02T11:00:00","date_gmt":"2024-11-02T14:00:00","guid":{"rendered":"https:\/\/noticiasdestaque.com.br\/index.php\/2024\/11\/02\/infogripe-srag-por-covid-19-tem-maior-impacto-em-criancas-e-idosos\/"},"modified":"2024-11-02T11:00:00","modified_gmt":"2024-11-02T14:00:00","slug":"infogripe-srag-por-covid-19-tem-maior-impacto-em-criancas-e-idosos","status":"publish","type":"post","link":"https:\/\/noticiasdestaque.com.br\/index.php\/2024\/11\/02\/infogripe-srag-por-covid-19-tem-maior-impacto-em-criancas-e-idosos\/","title":{"rendered":"InfoGripe: SRAG por Covid-19 tem maior impacto em crian\u00e7as e idosos"},"content":{"rendered":"<p>\t\t\t\t\t\t\t\t\t\t<audio controls class=\"b61_audio_player\" data-noticia=\"78338\" src=\"https:\/\/brasil61.com\/rails\/active_storage\/blobs\/eyJfcmFpbHMiOnsibWVzc2FnZSI6IkJBaHBBL1FOQXc9PSIsImV4cCI6bnVsbCwicHVyIjoiYmxvYl9pZCJ9fQ==--42f8d1a20715d9fe24522cf87ee166d5de6cfc2e\/BRAS2412937A\"><\/audio><\/p>\n<p>O \u00faltimo Boletim InfoGripe da Funda\u00e7\u00e3o Oswaldo Cruz (Fiocruz) revela que a incid\u00eancia de S\u00edndrome Respirat\u00f3ria Aguda Grave (SRAG) associada ao coronav\u00edrus tem apresentado maior impacto em crian\u00e7as pequenas e idosos. A taxa de mortalidade tem sido mais elevada em indiv\u00edduos com 65 anos ou mais.\u00a0<\/p>\n<p>Al\u00e9m disso, apesar da manuten\u00e7\u00e3o da queda dos casos de Covid-19 na maioria dos estados do Centro-Sul do pa\u00eds, h\u00e1 ind\u00edcios de retomada do crescimento de notifica\u00e7\u00f5es no Rio de Janeiro.<\/p>\n<p>J\u00e1 em rela\u00e7\u00e3o ao rinov\u00edrus, a pesquisadora da Fiocruz Tatiana Portella aponta que esse v\u00edrus continua sendo a principal causa de hospitaliza\u00e7\u00f5es em crian\u00e7as e adolescentes de at\u00e9 14 anos.<\/p>\n<p>\u201cTemos observado que essas novas hospitaliza\u00e7\u00f5es por rinov\u00edrus est\u00e3o em queda, ou at\u00e9 est\u00e1veis, em muitos estados do pa\u00eds, com exce\u00e7\u00e3o apenas dos estados do Maranh\u00e3o e do Rio de Janeiro, onde ainda observamos o aumento das hospitaliza\u00e7\u00f5es por rinov\u00edrus.\u201d<\/p>\n<h2>Tend\u00eancia nos estados e capitais<\/h2>\n<p>Na tend\u00eancia de longo prazo, quatro unidades federativas apresentam crescimento de SRAG: Esp\u00edrito Santo, Maranh\u00e3o, Piau\u00ed e Rio de Janeiro. J\u00e1 Mato Grosso, Par\u00e1, Para\u00edba e Pernambuco registram sinais de estabilidade de novos casos, especialmente entre os idosos.<\/p>\n<p>Entre as capitais, seis apresentam crescimento das doen\u00e7as respirat\u00f3rias: Bras\u00edlia (DF), Macap\u00e1 (AP), Manaus (AM), Natal (RN), Rio Branco (AC) e S\u00e3o Lu\u00eds (MA).\u00a0<\/p>\n<p>Nas \u00faltimas quatro semanas epidemiol\u00f3gicas, 12,6% dos casos positivos de SRAG estavam associados \u00e0 influenza A; 10,6% \u00e0 influenza B; 4,8% ao v\u00edrus sincicial respirat\u00f3rio (VSR), 34,4% ao rinov\u00edrus, e 24,3% \u00e0 Covid-19.\u00a0<\/p>\n<p>A pesquisadora da Fiocruz Tatiana Portella refor\u00e7a que, apesar da melhoria no cen\u00e1rio epidemiol\u00f3gico, \u00e9 importante manter as medidas de preven\u00e7\u00e3o.\u00a0<\/p>\n<p>\u201cMantemos as recomenda\u00e7\u00f5es de uso de m\u00e1scaras em locais fechados e em postos de sa\u00fade. Recomendamos que, em caso de aparecimento de sintomas, a pessoa saia de casa usando uma boa m\u00e1scara, principalmente se ela n\u00e3o puder ficar em casa se recuperando da infec\u00e7\u00e3o e em isolamento. E, claro, \u00e9 importante manter a vacina\u00e7\u00e3o em dia, principalmente para as pessoas dos grupos de risco como idosos, crian\u00e7as pequenas e pessoas com comorbidade.\u201d<\/p>\n<h2>Doen\u00e7as respirat\u00f3rias<\/h2>\n<p>A an\u00e1lise do Boletim InfoGripe, referente \u00e0 Semana Epidemiol\u00f3gica 43, tem como base os dados inseridos no Sistema de Informa\u00e7\u00e3o da Vigil\u00e2ncia Epidemiol\u00f3gica da Gripe, entre 20 e 26 de outubro, e apresenta informa\u00e7\u00f5es sobre os v\u00edrus respirat\u00f3rios, como VSR, rinov\u00edrus, influenza e Covid-19.\u00a0<\/p>\n<p><strong>VSR: V\u00edrus Sincicial Respirat\u00f3rio<\/strong><\/p>\n<p>Este v\u00edrus atinge, principalmente, crian\u00e7as pequenas \u2014 de at\u00e9 dois anos \u2014 ou idosos acima de 65 anos. Geralmente \u00e9 o respons\u00e1vel pelos casos de bronquiolite em crian\u00e7as pequenas.\u00a0<\/p>\n<p>Segundo a pesquisadora da Fiocruz Tatiana Portella, \u201cos sintomas s\u00e3o parecidos com os da gripe: dor de garganta, calafrios, coriza, tosse. Mas \u00e9 preciso prestar aten\u00e7\u00e3o nos sintomas das crian\u00e7as pequenas. Verificar se elas est\u00e3o com dificuldade de respirar, com os l\u00e1bios arroxeados \u2014 isso pode ser um indicativo que ela est\u00e1 evoluindo para uma forma mais grave da doen\u00e7a. Nesses casos, \u00e9 preciso procurar atendimento m\u00e9dico r\u00e1pido\u201d.<\/p>\n<p><strong>Influenza A ou H1N1<\/strong><\/p>\n<p>Trata-se do v\u00edrus da gripe. Com alta circula\u00e7\u00e3o pelo pa\u00eds, sobretudo este ano, a Influenza A tamb\u00e9m \u00e9 conhecida como H1N1 \u2014 anteriormente chamada de gripe su\u00edna.<\/p>\n<p>\u201cGeralmente ele pode dar uma febre mais repentina, mas tem os sintomas muito parecidos com outros v\u00edrus respirat\u00f3rios, como tosse coriza, calafrios. Ele atinge todas as faixas et\u00e1rias, mas assim como os outros v\u00edrus, evolui de forma mais grave nos idosos, crian\u00e7as pequenas e pessoas com comorbidades\u201d, explica Portella.<\/p>\n<p><strong>Rinov\u00edrus<\/strong><\/p>\n<p>Assim como o VSR, atinge crian\u00e7as pequenas e pode evoluir para casos de bronquite. Mas \u00e9 uma doen\u00e7a autolimitada \u201cque vai se curar sozinha entre 7 e 14 dias\u201d, explica a pesquisadora.\u00a0<\/p>\n<p>\u201cMas ele pode evoluir para as formas mais graves em crian\u00e7as pequenas que tenham hist\u00f3rico de asma, doen\u00e7a cr\u00f4nica no pulm\u00e3o, imunossuprimidos.\u201d Tatiana ainda explica que o rinov\u00edrus pode ter uma comportamento sazonal \u2014 como Influenza e VSR \u2014 e neste momento a Fiocruz observa uma incid\u00eancia alta desse v\u00edrus em crian\u00e7as pequenas e adolescentes.\u00a0<\/p>\n<p><strong>Covid-19<\/strong><\/p>\n<p>O velho conhecido \u2014 respons\u00e1vel pela pandemia entre 2020 e 2021 \u2014 ainda causa muitos casos de SRAGs. Isso porque ao longo do tempo ele vem sofrendo muta\u00e7\u00f5es e evoluiu rapidamente. As novas variantes mostram que ainda trata-se do v\u00edrus da covid, mas com um poder de infec\u00e7\u00e3o maior.<\/p>\n<p>Por isso a vacina\u00e7\u00e3o anual \u00e9 importante para prevenir os casos mais graves da doen\u00e7a, alerta Tatiana Portella.<\/p>\n<p>\u201cA vacina da Covid-19 \u00e9 atualizada para as novas variantes e, apesar de termos esse v\u00edrus circulando h\u00e1 alguns anos, \u00e9 importante que as pessoas atualizem a vacina. Porque a vacina que as pessoas tomaram no ano passado n\u00e3o confere a mesma prote\u00e7\u00e3o do que a vacina que est\u00e1 dispon\u00edvel este ano.\u201d\u00a0<\/p>\n<p>Confira outros detalhes no <a href=\"https:\/\/agencia.fiocruz.br\/infogripe-indica-manutencao-de-queda-de-casos-de-covid-19\" target=\"_blank\" rel=\"noopener\">link<\/a>.<\/p>\n<p><strong><a href=\"https:\/\/brasil61.com\/n\/covid-19-11-estados-receberam-doses-da-vacina-bras2412890\" target=\"_blank\" rel=\"noopener\">Covid-19: 11 estados receberam doses da vacina<\/a><\/strong><\/p>\n<p><strong><a href=\"https:\/\/brasil61.com\/n\/covid-19-ja-sao-mais-de-5-1-mil-mortes-em-2024-bras2412879\" target=\"_blank\" rel=\"noopener\">Covid-19: j\u00e1 s\u00e3o mais de 5,1 mil mortes em 2024<\/a><\/strong><\/p>\n<p>\t\t\t\t\t\t\t\t\t<img loading=\"lazy\" decoding=\"async\" src=\"https:\/\/brasil61.com\/api\/v1\/serve_pixel\/17677\/78338\" alt=\"Pixel Brasil 61\" class=\"b61_pixel\" width=\"0\" height=\"0\"><\/p>\n<input type=\"hidden\" id=\"baseurl\" value=\"https:\/\/noticiasdestaque.com.br\"><input type=\"hidden\" id=\"audio_nonce\" value=\"6f73a554f1\">","protected":false},"excerpt":{"rendered":"<p>Apesar da manuten\u00e7\u00e3o da queda dos casos de Covid-19 na maioria dos estados do Centro-Sul, h\u00e1 ind\u00edcios de retomada do crescimento no Rio de Janeiro<\/p>\n","protected":false},"author":1,"featured_media":39720,"comment_status":"open","ping_status":"open","sticky":false,"template":"","format":"standard","meta":{"fifu_image_url":"","fifu_image_alt":"","footnotes":""},"categories":[51],"tags":[],"class_list":["post-39719","post","type-post","status-publish","format-standard","has-post-thumbnail","hentry","category-saude"],"distributor_meta":false,"distributor_terms":false,"distributor_media":false,"distributor_original_site_name":"Noticias em Destaque","distributor_original_site_url":"https:\/\/noticiasdestaque.com.br","push-errors":false,"_links":{"self":[{"href":"https:\/\/noticiasdestaque.com.br\/index.php\/wp-json\/wp\/v2\/posts\/39719","targetHints":{"allow":["GET"]}}],"collection":[{"href":"https:\/\/noticiasdestaque.com.br\/index.php\/wp-json\/wp\/v2\/posts"}],"about":[{"href":"https:\/\/noticiasdestaque.com.br\/index.php\/wp-json\/wp\/v2\/types\/post"}],"author":[{"embeddable":true,"href":"https:\/\/noticiasdestaque.com.br\/index.php\/wp-json\/wp\/v2\/users\/1"}],"replies":[{"embeddable":true,"href":"https:\/\/noticiasdestaque.com.br\/index.php\/wp-json\/wp\/v2\/comments?post=39719"}],"version-history":[{"count":0,"href":"https:\/\/noticiasdestaque.com.br\/index.php\/wp-json\/wp\/v2\/posts\/39719\/revisions"}],"wp:featuredmedia":[{"embeddable":true,"href":"https:\/\/noticiasdestaque.com.br\/index.php\/wp-json\/wp\/v2\/media\/39720"}],"wp:attachment":[{"href":"https:\/\/noticiasdestaque.com.br\/index.php\/wp-json\/wp\/v2\/media?parent=39719"}],"wp:term":[{"taxonomy":"category","embeddable":true,"href":"https:\/\/noticiasdestaque.com.br\/index.php\/wp-json\/wp\/v2\/categories?post=39719"},{"taxonomy":"post_tag","embeddable":true,"href":"https:\/\/noticiasdestaque.com.br\/index.php\/wp-json\/wp\/v2\/tags?post=39719"}],"curies":[{"name":"wp","href":"https:\/\/api.w.org\/{rel}","templated":true}]}}