{"id":39709,"date":"2024-10-26T04:02:00","date_gmt":"2024-10-26T07:02:00","guid":{"rendered":"https:\/\/noticiasdestaque.com.br\/index.php\/2024\/10\/26\/covid-19-11-estados-receberam-doses-da-vacina\/"},"modified":"2024-10-26T04:02:00","modified_gmt":"2024-10-26T07:02:00","slug":"covid-19-11-estados-receberam-doses-da-vacina","status":"publish","type":"post","link":"https:\/\/noticiasdestaque.com.br\/index.php\/2024\/10\/26\/covid-19-11-estados-receberam-doses-da-vacina\/","title":{"rendered":"Covid-19: 11 estados receberam doses da vacina"},"content":{"rendered":"<p>\t\t\t\t\t\t\t\t\t\t<audio controls class=\"b61_audio_player\" data-noticia=\"78205\" src=\"https:\/\/brasil61.com\/rails\/active_storage\/blobs\/eyJfcmFpbHMiOnsibWVzc2FnZSI6IkJBaHBBK01MQXc9PSIsImV4cCI6bnVsbCwicHVyIjoiYmxvYl9pZCJ9fQ==--518566a7229c152c69c7fcc3df0abe60e83d0fb4\/BRAS2412890A\"><\/audio><\/p>\n<p>O Minist\u00e9rio da Sa\u00fade emitiu uma nota confirmando a conclus\u00e3o da distribui\u00e7\u00e3o das doses de vacinas contra a Covid-19 para 10 estados, al\u00e9m do Distrito Federal: Para\u00edba, Bahia, Cear\u00e1,\u00a0Maranh\u00e3o, Pernambuco, Piau\u00ed, Paran\u00e1, Sergipe, Tocantins e S\u00e3o Paulo. Segundo a pasta, todos os estados ser\u00e3o contemplados com celeridade.\u00a0<\/p>\n<p>O lote com 1,2 milh\u00e3o de doses \u00e9 parte da compra emergencial de imunizantes. Agora, cabe aos estados a responsabilidade de abastecer os munic\u00edpios de acordo com a demanda local.<\/p>\n<p>O Minist\u00e9rio da Sa\u00fade tamb\u00e9m refor\u00e7a que um novo preg\u00e3o j\u00e1 foi conclu\u00eddo para a compra de mais 69 milh\u00f5es de doses da vacina contra a Covid-19, garantindo a prote\u00e7\u00e3o contra as cepas atualizadas pelos pr\u00f3ximos dois anos. As entregas pelos fabricantes ser\u00e3o feitas de forma gradual, de acordo com a ades\u00e3o da popula\u00e7\u00e3o e as atualiza\u00e7\u00f5es aprovadas pela Ag\u00eancia Nacional de Vigil\u00e2ncia Sanit\u00e1ria (Anvisa).\u00a0<\/p>\n<h2>Falta de vacinas<\/h2>\n<p>Em setembro deste ano, uma pesquisa da Confedera\u00e7\u00e3o Nacional dos Munic\u00edpios (CNM) mostrou que 64,7% dos munic\u00edpios brasileiros estavam com falta de vacinas. O imunizante contra a Covid-19 para crian\u00e7as era apontado como o segundo com estoques mais desfalcados.\u00a0<\/p>\n<p>Na nota publicada na \u00faltima semana, o Minist\u00e9rio da Sa\u00fade ressaltou que \u201cn\u00e3o h\u00e1 falta generalizada de vacinas no Brasil\u201d e que \u201cadota estrat\u00e9gias para manter a vacina\u00e7\u00e3o em dia e garantir a prote\u00e7\u00e3o da popula\u00e7\u00e3o\u201d.<\/p>\n<h2>\u00d3bitos por Covid-19<\/h2>\n<p>Em 2024, foram notificados 5.222 \u00f3bitos por Covid-19, segundo o mais recente <a href=\"https:\/\/www.gov.br\/saude\/pt-br\/assuntos\/covid-19\/atualizacao-de-casos\/informe-se-42-de-2024.pdf\/view\" target=\"_blank\" rel=\"noopener\">Informe da Vigil\u00e2ncia das S\u00edndromes Gripais do Minist\u00e9rio da Sa\u00fade<\/a>. O n\u00famero est\u00e1 bem pr\u00f3ximo do recorde de mortes por dengue este ano \u2014 5.680 at\u00e9 agora, segundo o <a href=\"https:\/\/www.gov.br\/saude\/pt-br\/assuntos\/saude-de-a-a-z\/a\/aedes-aegypti\/monitoramento-das-arboviroses\" target=\"_blank\" rel=\"noopener\">Painel de Monitoramento das Arboviroses<\/a>.<\/p>\n<p>O m\u00e9dico infectologista Marcelo Daher destaca que, em 2024, o Brasil bateu o recorde hist\u00f3rico de mortes por dengue. No entanto, em compara\u00e7\u00e3o com os \u00f3bitos da Covid-19, \u00e9 preciso considerar quais foram realmente provocados pela doen\u00e7a.<\/p>\n<p>\u201cA gente tem que tentar distinguir o que \u00e9 morte por Covid-19 e morte com Covid-19. Isso \u00e9 uma discuss\u00e3o ampla, que est\u00e1 acontecendo em v\u00e1rios lugares do mundo, porque muitas vezes voc\u00ea identifica Covid-19, mas essa n\u00e3o foi a causa do \u00f3bito. Mas \u00e9 importante que as pessoas entendam que a doen\u00e7a ainda circula e, se as medidas de conten\u00e7\u00e3o n\u00e3o forem tomadas, n\u00f3s teremos outro surto de dengue e Covid-19, que continuar\u00e3o acontecendo e matando.\u201d\u00a0<\/p>\n<p>O \u00faltimo <a href=\"https:\/\/portal.fiocruz.br\/noticia\/2024\/10\/infogripe-recente-alta-de-numero-de-casos-de-covid-19-mostra-sinais-de-queda\" target=\"_blank\" rel=\"noopener\">Boletim InfoGripe da Funda\u00e7\u00e3o Oswaldo Cruz (Fiocruz)<\/a> aponta uma diminui\u00e7\u00e3o dos novos casos de S\u00edndrome Respirat\u00f3ria Aguda Grave (SRAG) associados \u00e0 Covid-19 na maioria dos estados brasileiros. Entre o total de \u00f3bitos por SRAG, em 2024, 52% estavam relacionados \u00e0 doen\u00e7a.<\/p>\n<p><strong><a href=\"https:\/\/brasil61.com\/n\/covid-19-ja-sao-mais-de-5-1-mil-mortes-em-2024-bras2412879\" target=\"_blank\" rel=\"noopener\">Covid-19: j\u00e1 s\u00e3o mais de 5,1 mil mortes em 2024<\/a><\/strong><\/p>\n<p><strong><a href=\"https:\/\/brasil61.com\/n\/infogripe-covid-19-continua-em-queda-no-centro-sul-do-pais-bras2412848\" target=\"_blank\" rel=\"noopener\">InfoGripe: Covid-19 continua em queda no Centro-Sul do pa\u00eds<\/a><\/strong><\/p>\n<p>\t\t\t\t\t\t\t\t\t<img loading=\"lazy\" decoding=\"async\" src=\"https:\/\/brasil61.com\/api\/v1\/serve_pixel\/17677\/78205\" alt=\"Pixel Brasil 61\" class=\"b61_pixel\" width=\"0\" height=\"0\"><\/p>\n<input type=\"hidden\" id=\"baseurl\" value=\"https:\/\/noticiasdestaque.com.br\"><input type=\"hidden\" id=\"audio_nonce\" value=\"6f73a554f1\">","protected":false},"excerpt":{"rendered":"<p>Segundo o Minist\u00e9rio da Sa\u00fade, agora cabe aos estados a responsabilidade de abastecer os munic\u00edpios de acordo com a demanda local<\/p>\n","protected":false},"author":1,"featured_media":39710,"comment_status":"open","ping_status":"open","sticky":false,"template":"","format":"standard","meta":{"fifu_image_url":"","fifu_image_alt":"","footnotes":""},"categories":[51],"tags":[],"class_list":["post-39709","post","type-post","status-publish","format-standard","has-post-thumbnail","hentry","category-saude"],"distributor_meta":false,"distributor_terms":false,"distributor_media":false,"distributor_original_site_name":"Noticias em Destaque","distributor_original_site_url":"https:\/\/noticiasdestaque.com.br","push-errors":false,"_links":{"self":[{"href":"https:\/\/noticiasdestaque.com.br\/index.php\/wp-json\/wp\/v2\/posts\/39709","targetHints":{"allow":["GET"]}}],"collection":[{"href":"https:\/\/noticiasdestaque.com.br\/index.php\/wp-json\/wp\/v2\/posts"}],"about":[{"href":"https:\/\/noticiasdestaque.com.br\/index.php\/wp-json\/wp\/v2\/types\/post"}],"author":[{"embeddable":true,"href":"https:\/\/noticiasdestaque.com.br\/index.php\/wp-json\/wp\/v2\/users\/1"}],"replies":[{"embeddable":true,"href":"https:\/\/noticiasdestaque.com.br\/index.php\/wp-json\/wp\/v2\/comments?post=39709"}],"version-history":[{"count":0,"href":"https:\/\/noticiasdestaque.com.br\/index.php\/wp-json\/wp\/v2\/posts\/39709\/revisions"}],"wp:featuredmedia":[{"embeddable":true,"href":"https:\/\/noticiasdestaque.com.br\/index.php\/wp-json\/wp\/v2\/media\/39710"}],"wp:attachment":[{"href":"https:\/\/noticiasdestaque.com.br\/index.php\/wp-json\/wp\/v2\/media?parent=39709"}],"wp:term":[{"taxonomy":"category","embeddable":true,"href":"https:\/\/noticiasdestaque.com.br\/index.php\/wp-json\/wp\/v2\/categories?post=39709"},{"taxonomy":"post_tag","embeddable":true,"href":"https:\/\/noticiasdestaque.com.br\/index.php\/wp-json\/wp\/v2\/tags?post=39709"}],"curies":[{"name":"wp","href":"https:\/\/api.w.org\/{rel}","templated":true}]}}