{"id":39705,"date":"2024-10-25T04:01:00","date_gmt":"2024-10-25T07:01:00","guid":{"rendered":"https:\/\/noticiasdestaque.com.br\/index.php\/2024\/10\/25\/covid-19-ja-sao-mais-de-51-mil-mortes-em-2024\/"},"modified":"2024-10-25T04:01:00","modified_gmt":"2024-10-25T07:01:00","slug":"covid-19-ja-sao-mais-de-51-mil-mortes-em-2024","status":"publish","type":"post","link":"https:\/\/noticiasdestaque.com.br\/index.php\/2024\/10\/25\/covid-19-ja-sao-mais-de-51-mil-mortes-em-2024\/","title":{"rendered":"Covid-19: j\u00e1 s\u00e3o mais de 5,1 mil mortes em 2024"},"content":{"rendered":"<p>\t\t\t\t\t\t\t\t\t\t<audio controls class=\"b61_audio_player\" data-noticia=\"78174\" src=\"https:\/\/brasil61.com\/rails\/active_storage\/blobs\/eyJfcmFpbHMiOnsibWVzc2FnZSI6IkJBaHBBeThMQXc9PSIsImV4cCI6bnVsbCwicHVyIjoiYmxvYl9pZCJ9fQ==--ff562f505508ba10af82db4488b2adc4b822e327\/BRAS2412879A\"><\/audio><\/p>\n<p>Em 2024, foram notificados 5.157 \u00f3bitos por Covid-19, segundo o mais recente <a href=\"https:\/\/www.gov.br\/saude\/pt-br\/assuntos\/covid-19\/atualizacao-de-casos\/informe-se-41-de-2024.pdf\/view\" target=\"_blank\" rel=\"noopener\">Informe da Vigil\u00e2ncia das S\u00edndromes Gripais do Minist\u00e9rio da Sa\u00fade<\/a>. O n\u00famero est\u00e1 bem pr\u00f3ximo do recorde de mortes por dengue este ano \u2014 5.661 at\u00e9 agora, segundo o <a href=\"https:\/\/www.gov.br\/saude\/pt-br\/assuntos\/saude-de-a-a-z\/a\/aedes-aegypti\/monitoramento-das-arboviroses\" target=\"_blank\" rel=\"noopener\">Painel de Monitoramento das Arboviroses<\/a>.<\/p>\n<p>O m\u00e9dico infectologista Marcelo Daher destaca que, em 2024, o Brasil bateu o recorde hist\u00f3rico de mortes por dengue. No entanto, em compara\u00e7\u00e3o com os \u00f3bitos da Covid-19, \u00e9 preciso considerar quais foram realmente provocados pela doen\u00e7a.<\/p>\n<p>\u201cA gente tem que tentar distinguir o que \u00e9 morte por Covid-19 e morte com Covid-19. Isso \u00e9 uma discuss\u00e3o ampla, que est\u00e1 acontecendo em v\u00e1rios lugares do mundo, porque muitas vezes voc\u00ea identifica Covid-19, mas essa n\u00e3o foi a causa do \u00f3bito. Mas \u00e9 importante que as pessoas entendam que a doen\u00e7a ainda circula e, se as medidas de conten\u00e7\u00e3o n\u00e3o forem tomadas, n\u00f3s teremos outro surto de dengue e Covid-19, que continuar\u00e3o acontecendo e matando.\u201d<\/p>\n<h2>Curva de \u00f3bitos da Covid-19<\/h2>\n<p>O levantamento do Minist\u00e9rio da Sa\u00fade sobre a Covid-19 tem como base os dados inseridos no sistema at\u00e9 12 de outubro. De acordo com a apura\u00e7\u00e3o, s\u00f3 na \u00faltima semana epidemiol\u00f3gica (SE 41), foram registrados 169 \u00f3bitos pela no pa\u00eds, um aumento de 31,9 % na m\u00e9dia m\u00f3vel de \u00f3bitos em compara\u00e7\u00e3o com a SE 40.<\/p>\n<p>Tamb\u00e9m \u00e9 poss\u00edvel observar que o n\u00famero de \u00f3bitos notificados em 2024 apresentou varia\u00e7\u00e3o ao longo do ano. O primeiro ponto mais alto aconteceu logo na segunda semana epidemiol\u00f3gica, com 260 mortes registradas. O ponto mais alto at\u00e9 agora foi registrado na SE 38, com 305 \u00f3bitos. J\u00e1 o ponto mais baixo aconteceu na SE 31, com 12 mortes pela Covid-19. Os dados tamb\u00e9m podem ser conferidos no <a href=\"https:\/\/infoms.saude.gov.br\/extensions\/covid-19_html\/covid-19_html.html\" target=\"_blank\" rel=\"noopener\">Painel de Monitoramento da Covid-19 do Minist\u00e9rio da Sa\u00fade<\/a>.<\/p>\n<p>!function(){&#8220;use strict&#8221;;window.addEventListener(&#8220;message&#8221;,(function(a){if(void 0!==a.data[&#8220;datawrapper-height&#8221;]){var e=document.querySelectorAll(&#8220;iframe&#8221;);for(var t in a.data[&#8220;datawrapper-height&#8221;])for(var r=0;r&lt;e.length;r++)if(e[r].contentWindow===a.source){var i=a.data[&quot;datawrapper-height&quot;][t]+&quot;px&quot;;e[r].style.height=i}}}))}();\n<\/p>\n<h2>Estados e munic\u00edpios<\/h2>\n<p>Na \u00faltima semana epidemiol\u00f3gica (SE 41), S\u00e3o Paulo foi o estado que registrou o maior n\u00famero de \u00f3bitos pela Covid-19 (87), seguido por Minas Gerais (39), Bahia (10), Rio de Janeiro (8) e Rio Grande do Sul (8).\u00a0<\/p>\n<p>Acre, Alagoas, Amap\u00e1, Cear\u00e1, Esp\u00edrito Santo, Goi\u00e1s, Maranh\u00e3o, Mato Grosso, Par\u00e1, Para\u00edba, Pernambuco, Piau\u00ed, Rio Grande do Norte, Rond\u00f4nia, Roraima e Sergipe n\u00e3o registraram nenhuma morte por Covid-19 na SE 41.\u00a0<\/p>\n<p>Santa Catarina registrou 6 \u00f3bitos associados ao coronav\u00edrus; Distrito Federal e Mato Grosso do Sul, 3 cada; Amazonas e Tocantins, 2 cada; e Paran\u00e1 contabilizou uma morte por Covid-19 no per\u00edodo.<\/p>\n<p>J\u00e1 em rela\u00e7\u00e3o ao n\u00famero de \u00f3bitos por Covid-19 acumulados desde o in\u00edcio da pandemia, o ranking estadual \u00e9:<\/p>\n<ul>\n<li>SP: 184.150 \u00f3bitos<\/li>\n<li>RJ: 78.215 \u00f3bitos<\/li>\n<li>MG: 66.775 \u00f3bitos<\/li>\n<li>PR: 47.015 \u00f3bitos<\/li>\n<li>RS: 43.027 \u00f3bitos<\/li>\n<li>BA: 32.028 \u00f3bitos<\/li>\n<li>GO: 28.656 \u00f3bitos<\/li>\n<li>CE: 28.215 \u00f3bitos<\/li>\n<li>PE: 23.240 \u00f3bitos<\/li>\n<li>SC: 23.136 \u00f3bitos<\/li>\n<li>PA: 19.291 \u00f3bitos<\/li>\n<li>MT: 15.241 \u00f3bitos<\/li>\n<li>ES: 15.213 \u00f3bitos<\/li>\n<li>AM: 14.522 \u00f3bitos<\/li>\n<li>DF: 12.022 \u00f3bitos<\/li>\n<li>MS: 11.300 \u00f3bitos<\/li>\n<li>MA: 11.103 \u00f3bitos<\/li>\n<li>PB: 10.667 \u00f3bitos<\/li>\n<li>RN: 9.320 \u00f3bitos<\/li>\n<li>PI: 8.445 \u00f3bitos<\/li>\n<li>RO: 7.527 \u00f3bitos<\/li>\n<li>AL: 7.354 \u00f3bitos<\/li>\n<li>SE: 6.571 \u00f3bitos<\/li>\n<li>TO: 4.302 \u00f3bitos<\/li>\n<li>RR: 2.202 \u00f3bitos<\/li>\n<li>AP: 2.175 \u00f3bitos<\/li>\n<li>AC: 2.083 \u00f3bitos<\/li>\n<\/ul>\n<p><strong>Confira no mapa o n\u00famero de \u00f3bitos pela Covid-19, em 2024, no seu munic\u00edpio:<\/strong><\/p>\n<p>!function(){&#8220;use strict&#8221;;window.addEventListener(&#8220;message&#8221;,(function(a){if(void 0!==a.data[&#8220;datawrapper-height&#8221;]){var e=document.querySelectorAll(&#8220;iframe&#8221;);for(var t in a.data[&#8220;datawrapper-height&#8221;])for(var r=0;r&lt;e.length;r++)if(e[r].contentWindow===a.source){var i=a.data[&quot;datawrapper-height&quot;][t]+&quot;px&quot;;e[r].style.height=i}}}))}();\n<\/p>\n<h2>S\u00edndrome Respirat\u00f3ria Aguda Grave<\/h2>\n<p>O mais recente Boletim InfoGripe da Funda\u00e7\u00e3o Oswaldo Cruz (Fiocruz) aponta uma diminui\u00e7\u00e3o de novos casos de S\u00edndrome Respirat\u00f3ria Aguda Grave (SRAG) associados \u00e0 Covid-19 na maioria dos estados do Centro-Sul do pa\u00eds.\u00a0<\/p>\n<p>Ao todo, em 2024, j\u00e1 foram notificados 144.365 casos de SRAG. Desses, 47,5% deram positivo para algum v\u00edrus respirat\u00f3rio em exame laboratorial e 5,5% ainda aguardam resultado. Entre os positivos, 18,9% estavam associados \u00e0 Covid-19. Entre os \u00f3bitos, 52% estavam relacionados \u00e0 Covid-19.\u00a0<\/p>\n<p>Segundo a pesquisadora da Fiocruz Tatiana Portella, apesar da melhoria no cen\u00e1rio nas \u00faltimas epidemiol\u00f3gicas, \u00e9 importante manter as medidas de preven\u00e7\u00e3o.<\/p>\n<p>\u201cO recomendado \u00e9 que a gente continue usando boas m\u00e1scaras ao sair de casa, em caso de aparecimento de sintomas de s\u00edndrome gripal. Ent\u00e3o, com qualquer sintoma como nariz escorrendo, tosse, garganta arranhando, espirro, o ideal \u00e9 sair de casa usando uma boa m\u00e1scara para evitar transmitir esses v\u00edrus para outras pessoas e, com isso, com essa simples atitude, a gente consegue manter a circula\u00e7\u00e3o desses v\u00edrus respirat\u00f3rios em queda ou em baixa na maior parte do pa\u00eds\u201d, orienta.<\/p>\n<p><strong><a href=\"https:\/\/brasil61.com\/n\/infogripe-covid-19-continua-em-queda-no-centro-sul-do-pais-bras2412848\" target=\"_blank\" rel=\"noopener\">InfoGripe: Covid-19 continua em queda no Centro-Sul do pa\u00eds<\/a><\/strong><\/p>\n<p><strong><a href=\"https:\/\/brasil61.com\/n\/covid-19-nova-variante-xec-pode-ser-mais-transmissivel-bras2412843\" target=\"_blank\" rel=\"noopener\">Covid-19: nova variante XEC pode ser mais transmiss\u00edvel<\/a><\/strong><\/p>\n<p>\t\t\t\t\t\t\t\t\t<img loading=\"lazy\" decoding=\"async\" src=\"https:\/\/brasil61.com\/api\/v1\/serve_pixel\/17677\/78174\" alt=\"Pixel Brasil 61\" class=\"b61_pixel\" width=\"0\" height=\"0\"><\/p>\n<input type=\"hidden\" id=\"baseurl\" value=\"https:\/\/noticiasdestaque.com.br\"><input type=\"hidden\" id=\"audio_nonce\" value=\"6f73a554f1\">","protected":false},"excerpt":{"rendered":"<p>N\u00famero est\u00e1 bem pr\u00f3ximo do recorde de mortes por dengue este ano (5,6 mil), segundo Pain\u00e9is de Monitoramento do Minist\u00e9rio da Sa\u00fade<\/p>\n","protected":false},"author":1,"featured_media":39706,"comment_status":"open","ping_status":"open","sticky":false,"template":"","format":"standard","meta":{"fifu_image_url":"","fifu_image_alt":"","footnotes":""},"categories":[51],"tags":[],"class_list":["post-39705","post","type-post","status-publish","format-standard","has-post-thumbnail","hentry","category-saude"],"distributor_meta":false,"distributor_terms":false,"distributor_media":false,"distributor_original_site_name":"Noticias em Destaque","distributor_original_site_url":"https:\/\/noticiasdestaque.com.br","push-errors":false,"_links":{"self":[{"href":"https:\/\/noticiasdestaque.com.br\/index.php\/wp-json\/wp\/v2\/posts\/39705","targetHints":{"allow":["GET"]}}],"collection":[{"href":"https:\/\/noticiasdestaque.com.br\/index.php\/wp-json\/wp\/v2\/posts"}],"about":[{"href":"https:\/\/noticiasdestaque.com.br\/index.php\/wp-json\/wp\/v2\/types\/post"}],"author":[{"embeddable":true,"href":"https:\/\/noticiasdestaque.com.br\/index.php\/wp-json\/wp\/v2\/users\/1"}],"replies":[{"embeddable":true,"href":"https:\/\/noticiasdestaque.com.br\/index.php\/wp-json\/wp\/v2\/comments?post=39705"}],"version-history":[{"count":0,"href":"https:\/\/noticiasdestaque.com.br\/index.php\/wp-json\/wp\/v2\/posts\/39705\/revisions"}],"wp:featuredmedia":[{"embeddable":true,"href":"https:\/\/noticiasdestaque.com.br\/index.php\/wp-json\/wp\/v2\/media\/39706"}],"wp:attachment":[{"href":"https:\/\/noticiasdestaque.com.br\/index.php\/wp-json\/wp\/v2\/media?parent=39705"}],"wp:term":[{"taxonomy":"category","embeddable":true,"href":"https:\/\/noticiasdestaque.com.br\/index.php\/wp-json\/wp\/v2\/categories?post=39705"},{"taxonomy":"post_tag","embeddable":true,"href":"https:\/\/noticiasdestaque.com.br\/index.php\/wp-json\/wp\/v2\/tags?post=39705"}],"curies":[{"name":"wp","href":"https:\/\/api.w.org\/{rel}","templated":true}]}}