{"id":39697,"date":"2024-11-02T15:00:00","date_gmt":"2024-11-02T18:00:00","guid":{"rendered":"https:\/\/noticiasdestaque.com.br\/index.php\/2024\/11\/02\/pec-da-seguranca-publica-governadores-cobram-acoes-alem-do-que-ha-na-proposta\/"},"modified":"2024-11-02T15:00:00","modified_gmt":"2024-11-02T18:00:00","slug":"pec-da-seguranca-publica-governadores-cobram-acoes-alem-do-que-ha-na-proposta","status":"publish","type":"post","link":"https:\/\/noticiasdestaque.com.br\/index.php\/2024\/11\/02\/pec-da-seguranca-publica-governadores-cobram-acoes-alem-do-que-ha-na-proposta\/","title":{"rendered":"PEC da seguran\u00e7a p\u00fablica: governadores cobram a\u00e7\u00f5es al\u00e9m do que h\u00e1 na proposta"},"content":{"rendered":"<p>\t\t\t\t\t\t\t\t\t\t<audio controls class=\"b61_audio_player\" data-noticia=\"78345\" src=\"https:\/\/brasil61.com\/rails\/active_storage\/blobs\/eyJfcmFpbHMiOnsibWVzc2FnZSI6IkJBaHBBeXdPQXc9PSIsImV4cCI6bnVsbCwicHVyIjoiYmxvYl9pZCJ9fQ==--7db04d2d4187b7dace93e43ae4e3a0c1e89cc7b1\/BRAS2412939A\"><\/audio><\/p>\n<p>A Proposta de Emenda \u00e0 Constitui\u00e7\u00e3o (PEC) da Seguran\u00e7a P\u00fablica foi apresentada pelo presidente Lula e pelo ministro da Justi\u00e7a e Seguran\u00e7a P\u00fablica, Ricardo Lewandowski. Entre outros pontos, a medida prev\u00ea mudan\u00e7as nas atribui\u00e7\u00f5es federativas de combate ao crime no Brasil.<\/p>\n<p>A PEC tamb\u00e9m sugere a amplia\u00e7\u00e3o das compet\u00eancias da Pol\u00edcia Federal e da Pol\u00edcia Rodovi\u00e1ria Federal. No caso, a PF deve atuar contra crimes ambientais e de organiza\u00e7\u00f5es criminosas e mil\u00edcias com repercuss\u00e3o interestadual ou at\u00e9 internacional. J\u00e1 a PRF atuaria como pol\u00edcia ostensiva, inclusive em ferrovias e hidrovias federais.<\/p>\n<p>Durante o encontro de apresenta\u00e7\u00e3o da PEC, o governador de Goi\u00e1s, Ronaldo Caiado, criticou a proposta e afirmou que ela acaba com atribui\u00e7\u00f5es dos estados em rela\u00e7\u00e3o \u00e0 \u00e1rea. Al\u00e9m disso, o gestor considerou que a Uni\u00e3o e o Congresso Nacional deveriam melhorar a legisla\u00e7\u00e3o para dar mais liberdade aos estados para atuarem na seguran\u00e7a p\u00fablica. Nesse sentido, Caiado entende que a PEC deve dar mais liberdade para que as unidades da federa\u00e7\u00e3o possam legislar sobre a administra\u00e7\u00e3o penitenci\u00e1ria.<\/p>\n<p><a href=\"https:\/\/brasil61.com\/n\/seguranca-publica-governadores-defendem-autonomia-para-legislar-sobre-materia-penal-bras2412921\" target=\"_blank\" rel=\"noopener\">Seguran\u00e7a p\u00fablica: governadores defendem autonomia para legislar sobre mat\u00e9ria penal<\/a><\/p>\n<p>J\u00e1 o governador de S\u00e3o Paulo, Tarc\u00edsio de Freitas, disse, em meio a reuni\u00e3o, que tamb\u00e9m \u00e9 preciso discutir sobre pontos de cria\u00e7\u00e3o de linhas de financiamento junto ao Banco Nacional do Desenvolvimento Econ\u00f4mico e Social (BNDES), para custear equipamentos de combate ao crime. Ele tamb\u00e9m defendeu a ideia de cria\u00e7\u00e3o de um Sistema Nacional de Controle de Fronteiras.<\/p>\n<p>A PEC tamb\u00e9m prop\u00f5e a constitucionaliza\u00e7\u00e3o do Fundo Nacional de Seguran\u00e7a P\u00fablica. Outro ponto prev\u00ea, ainda, mais poder para a Uni\u00e3o estabelecer diretrizes gerais da pol\u00edtica de seguran\u00e7a p\u00fablica e defesa social.<\/p>\n<p>A reuni\u00e3o para apresenta\u00e7\u00e3o da PEC foi realizada na \u00faltima quinta-feira (31), no Pal\u00e1cio do Planalto, e contou com a presen\u00e7a de governadores e vice-governadores de mais de 20 unidades da federa\u00e7\u00e3o, al\u00e9m de ministros do Supremo Tribunal Federal e do Superior Tribunal de Justi\u00e7a. Tamb\u00e9m estiveram entre os presentes secret\u00e1rios de Seguran\u00e7a P\u00fablica de alguns estados.<br \/>\n\u00a0<\/p>\n<p>\t\t\t\t\t\t\t\t\t<img loading=\"lazy\" decoding=\"async\" src=\"https:\/\/brasil61.com\/api\/v1\/serve_pixel\/17677\/78345\" alt=\"Pixel Brasil 61\" class=\"b61_pixel\" width=\"0\" height=\"0\"><\/p>\n<input type=\"hidden\" id=\"baseurl\" value=\"https:\/\/noticiasdestaque.com.br\"><input type=\"hidden\" id=\"audio_nonce\" value=\"6f73a554f1\">","protected":false},"excerpt":{"rendered":"<p>O governador de Goi\u00e1s, Ronaldo Caiado, considerou que a PEC deve dar mais liberdade para que as unidades da federa\u00e7\u00e3o possam legislar sobre a administra\u00e7\u00e3o penitenci\u00e1ria<\/p>\n","protected":false},"author":1,"featured_media":39698,"comment_status":"open","ping_status":"open","sticky":false,"template":"","format":"standard","meta":{"fifu_image_url":"","fifu_image_alt":"","footnotes":""},"categories":[48],"tags":[],"class_list":["post-39697","post","type-post","status-publish","format-standard","has-post-thumbnail","hentry","category-mundo"],"distributor_meta":false,"distributor_terms":false,"distributor_media":false,"distributor_original_site_name":"Noticias em Destaque","distributor_original_site_url":"https:\/\/noticiasdestaque.com.br","push-errors":false,"_links":{"self":[{"href":"https:\/\/noticiasdestaque.com.br\/index.php\/wp-json\/wp\/v2\/posts\/39697","targetHints":{"allow":["GET"]}}],"collection":[{"href":"https:\/\/noticiasdestaque.com.br\/index.php\/wp-json\/wp\/v2\/posts"}],"about":[{"href":"https:\/\/noticiasdestaque.com.br\/index.php\/wp-json\/wp\/v2\/types\/post"}],"author":[{"embeddable":true,"href":"https:\/\/noticiasdestaque.com.br\/index.php\/wp-json\/wp\/v2\/users\/1"}],"replies":[{"embeddable":true,"href":"https:\/\/noticiasdestaque.com.br\/index.php\/wp-json\/wp\/v2\/comments?post=39697"}],"version-history":[{"count":0,"href":"https:\/\/noticiasdestaque.com.br\/index.php\/wp-json\/wp\/v2\/posts\/39697\/revisions"}],"wp:featuredmedia":[{"embeddable":true,"href":"https:\/\/noticiasdestaque.com.br\/index.php\/wp-json\/wp\/v2\/media\/39698"}],"wp:attachment":[{"href":"https:\/\/noticiasdestaque.com.br\/index.php\/wp-json\/wp\/v2\/media?parent=39697"}],"wp:term":[{"taxonomy":"category","embeddable":true,"href":"https:\/\/noticiasdestaque.com.br\/index.php\/wp-json\/wp\/v2\/categories?post=39697"},{"taxonomy":"post_tag","embeddable":true,"href":"https:\/\/noticiasdestaque.com.br\/index.php\/wp-json\/wp\/v2\/tags?post=39697"}],"curies":[{"name":"wp","href":"https:\/\/api.w.org\/{rel}","templated":true}]}}