{"id":39693,"date":"2024-11-03T00:02:00","date_gmt":"2024-11-03T03:02:00","guid":{"rendered":"https:\/\/noticiasdestaque.com.br\/index.php\/2024\/11\/03\/energia-eletrica-bandeira-amarela-e-acionada-e-gera-alivio-na-conta-de-luz\/"},"modified":"2024-11-03T00:02:00","modified_gmt":"2024-11-03T03:02:00","slug":"energia-eletrica-bandeira-amarela-e-acionada-e-gera-alivio-na-conta-de-luz","status":"publish","type":"post","link":"https:\/\/noticiasdestaque.com.br\/index.php\/2024\/11\/03\/energia-eletrica-bandeira-amarela-e-acionada-e-gera-alivio-na-conta-de-luz\/","title":{"rendered":"Energia el\u00e9trica: bandeira amarela \u00e9 acionada e gera al\u00edvio na conta de luz"},"content":{"rendered":"<p>\t\t\t\t\t\t\t\t\t\t<audio controls class=\"b61_audio_player\" data-noticia=\"78335\" src=\"https:\/\/brasil61.com\/rails\/active_storage\/blobs\/eyJfcmFpbHMiOnsibWVzc2FnZSI6IkJBaHBBeDhPQXc9PSIsImV4cCI6bnVsbCwicHVyIjoiYmxvYl9pZCJ9fQ==--50f3dfc43739d9b0a5380b8502fe7896e12f2441\/BRAS2412934A\"><\/audio><\/p>\n<p>A bandeira amarela sobre as contas de luz passou a vigorar nessa sexta-feira (1\u00b0). Nos meses de setembro e outubro, os valores eram definidos com base na bandeira vermelha, considerada mais cara. A partir de agora, o valor extra cobrado para cada 100 kwh consumidos passa de R$ 7,87 para R$ 1,88.\u00a0<\/p>\n<p>De acordo com a Ag\u00eancia Nacional de Energia El\u00e9trica <a href=\"https:\/\/www.gov.br\/aneel\/pt-br\" target=\"_blank\" rel=\"noopener\">(Aneel)<\/a>, a troca da bandeira vermelha pela amarela ocorreu devido ao aumento do volume de chuvas registrado no \u00faltimo m\u00eas.<\/p>\n<p>Com a estiagem notada no Norte do Brasil, usinas hidrel\u00e9tricas geram menos energia. Neste caso, para atender aos hor\u00e1rios de pico de consumo e baixa gera\u00e7\u00e3o de energia renov\u00e1vel, \u00e9 preciso acionar usinas termel\u00e9tricas, que s\u00e3o mais caras. Isso acarreta aumento no pre\u00e7o da conta de luz.<\/p>\n<p><a href=\"https:\/\/brasil61.com\/n\/empresarios-tem-ate-o-final-de-dezembro-para-escolher-o-regime-tributario-de-2025-bras2412930\" target=\"_blank\" rel=\"noopener\">Empres\u00e1rios t\u00eam at\u00e9 o final de dezembro para escolher o regime tribut\u00e1rio de 2025<\/a><\/p>\n<p>O aumento do custo da energia el\u00e9trica no pa\u00eds contribuiu, inclusive, para o aumento da infla\u00e7\u00e3o em setembro. De acordo com informa\u00e7\u00f5es do Instituto Brasileiro de Geografia e Estat\u00edstica (IBGE), o \u00cdndice de Pre\u00e7os ao Consumidor Amplo daquele m\u00eas apontou um aumento de 0,44%.<\/p>\n<p>Cada bandeira tarif\u00e1ria tem uma especifica\u00e7\u00e3o. Quando a verde \u00e9 acionada, significa que as condi\u00e7\u00f5es sobre gera\u00e7\u00e3o de energia est\u00e3o favor\u00e1veis e n\u00e3o h\u00e1 custo extra. J\u00e1 a bandeira amarela significa que a situa\u00e7\u00e3o ficou menos favor\u00e1vel\u00a0e h\u00e1 um custo adicional de R$ 1,88 a cada 100kWh. J\u00e1 a bandeira vermelha \u00e9 acionada quando o quadro fica desfavor\u00e1vel e o custo adicional pode chegar a R$ 7,87 a cada 100 kWh.\u00a0<\/p>\n<p>\n\u00a0<\/p>\n<p>\t\t\t\t\t\t\t\t\t<img loading=\"lazy\" decoding=\"async\" src=\"https:\/\/brasil61.com\/api\/v1\/serve_pixel\/17677\/78335\" alt=\"Pixel Brasil 61\" class=\"b61_pixel\" width=\"0\" height=\"0\"><\/p>\n<input type=\"hidden\" id=\"baseurl\" value=\"https:\/\/noticiasdestaque.com.br\"><input type=\"hidden\" id=\"audio_nonce\" value=\"6f73a554f1\">","protected":false},"excerpt":{"rendered":"<p>A partir de agora, o valor extra cobrado para cada 100 kwh consumidos passa de R$ 7,87 para R$ 1,88<\/p>\n","protected":false},"author":1,"featured_media":39694,"comment_status":"open","ping_status":"open","sticky":false,"template":"","format":"standard","meta":{"fifu_image_url":"","fifu_image_alt":"","footnotes":""},"categories":[48],"tags":[],"class_list":["post-39693","post","type-post","status-publish","format-standard","has-post-thumbnail","hentry","category-mundo"],"distributor_meta":false,"distributor_terms":false,"distributor_media":false,"distributor_original_site_name":"Noticias em Destaque","distributor_original_site_url":"https:\/\/noticiasdestaque.com.br","push-errors":false,"_links":{"self":[{"href":"https:\/\/noticiasdestaque.com.br\/index.php\/wp-json\/wp\/v2\/posts\/39693","targetHints":{"allow":["GET"]}}],"collection":[{"href":"https:\/\/noticiasdestaque.com.br\/index.php\/wp-json\/wp\/v2\/posts"}],"about":[{"href":"https:\/\/noticiasdestaque.com.br\/index.php\/wp-json\/wp\/v2\/types\/post"}],"author":[{"embeddable":true,"href":"https:\/\/noticiasdestaque.com.br\/index.php\/wp-json\/wp\/v2\/users\/1"}],"replies":[{"embeddable":true,"href":"https:\/\/noticiasdestaque.com.br\/index.php\/wp-json\/wp\/v2\/comments?post=39693"}],"version-history":[{"count":0,"href":"https:\/\/noticiasdestaque.com.br\/index.php\/wp-json\/wp\/v2\/posts\/39693\/revisions"}],"wp:featuredmedia":[{"embeddable":true,"href":"https:\/\/noticiasdestaque.com.br\/index.php\/wp-json\/wp\/v2\/media\/39694"}],"wp:attachment":[{"href":"https:\/\/noticiasdestaque.com.br\/index.php\/wp-json\/wp\/v2\/media?parent=39693"}],"wp:term":[{"taxonomy":"category","embeddable":true,"href":"https:\/\/noticiasdestaque.com.br\/index.php\/wp-json\/wp\/v2\/categories?post=39693"},{"taxonomy":"post_tag","embeddable":true,"href":"https:\/\/noticiasdestaque.com.br\/index.php\/wp-json\/wp\/v2\/tags?post=39693"}],"curies":[{"name":"wp","href":"https:\/\/api.w.org\/{rel}","templated":true}]}}