{"id":39689,"date":"2024-10-25T12:00:00","date_gmt":"2024-10-25T15:00:00","guid":{"rendered":"https:\/\/noticiasdestaque.com.br\/index.php\/2024\/10\/25\/governo-federal-nao-vai-custear-seguro-desemprego-com-multa-do-fgts\/"},"modified":"2024-10-25T12:00:00","modified_gmt":"2024-10-25T15:00:00","slug":"governo-federal-nao-vai-custear-seguro-desemprego-com-multa-do-fgts","status":"publish","type":"post","link":"https:\/\/noticiasdestaque.com.br\/index.php\/2024\/10\/25\/governo-federal-nao-vai-custear-seguro-desemprego-com-multa-do-fgts\/","title":{"rendered":"Governo federal n\u00e3o vai custear seguro-desemprego com multa do FGTS"},"content":{"rendered":"<p>\t\t\t\t\t\t\t\t\t\t<audio controls class=\"b61_audio_player\" data-noticia=\"78183\" src=\"https:\/\/brasil61.com\/rails\/active_storage\/blobs\/eyJfcmFpbHMiOnsibWVzc2FnZSI6IkJBaHBBMUFMQXc9PSIsImV4cCI6bnVsbCwicHVyIjoiYmxvYl9pZCJ9fQ==--eed55a22015096069576cc51f5a5ab99418347fa\/BRAS2412883A\"><\/audio><\/p>\n<p>O governo federal publicou uma nota para esclarecer falsas informa\u00e7\u00f5es que est\u00e3o sendo divulgadas sobre o seguro-desemprego e a multa de rescis\u00e3o. No comunicado, o governo \u00e9 categ\u00f3rico ao afirmar que n\u00e3o vai custear o seguro-desemprego com a multa do Fundo de Garantia do Tempo de Servi\u00e7o (FGTS).\u00a0<\/p>\n<p>A multa de 40% do saldo repassado ao fundo \u00e9 uma indeniza\u00e7\u00e3o paga exclusivamente pelo empregador ao trabalhador\u00a0e n\u00e3o um benef\u00edcio repassado pela Uni\u00e3o. Essa determina\u00e7\u00e3o est\u00e1 prevista no par\u00e1grafo 1\u00ba do Artigo 18 da <a href=\"https:\/\/www.planalto.gov.br\/ccivil_03\/leis\/l8036consol.htm\" target=\"_blank\" rel=\"noopener\">Lei do FGTS<\/a> e tem o objetivo de garantir um planejamento financeiro para o trabalhador, bem como disciplinar o mercado de trabalho, evitando demiss\u00f5es injustificadas.<\/p>\n<p>O governo federal refor\u00e7a que \u201ca tese de \u2018transforma\u00e7\u00e3o da multa em imposto\u2019 \u00e9 completamente infundada\u201d, uma vez que a multa por demiss\u00e3o sem justa causa \u00e9 um direito adquirido pelos trabalhadores.<\/p>\n<p>J\u00e1 o seguro-desemprego \u00e9 um benef\u00edcio garantido pelo Artigo 7\u00b0 da Constitui\u00e7\u00e3o Federal e pago pelo Fundo de Amparo ao Trabalhador. Ele \u00e9 financiado com as contribui\u00e7\u00f5es para o Programa de Integra\u00e7\u00e3o Social (PIS) e para o Programa de Forma\u00e7\u00e3o do Patrim\u00f4nio do Servidor P\u00fablico (PASEP) e gerido pelo Minist\u00e9rio do Trabalho e Emprego.\u00a0<\/p>\n<p>Outra informa\u00e7\u00e3o falsa que tem circulado, sem citar fontes, \u00e9 que os pagamentos do seguro-desemprego e da multa rescis\u00f3ria, para o trabalhador que \u00e9 demitido sem justa-causa, resultam em uma \u201csobreposi\u00e7\u00e3o de benef\u00edcios\u201d.\u00a0<\/p>\n<p>Al\u00e9m de desmentir a suposi\u00e7\u00e3o, o governo federal ressalta que ambos s\u00e3o direitos garantidos aos trabalhadores, al\u00e9m de instrumentos de prote\u00e7\u00e3o social previstos legal e constitucionalmente.\u00a0<\/p>\n<p><strong><a href=\"https:\/\/brasil61.com\/n\/dinheiro-esquecido-apropriacao-de-recursos-por-parte-do-governo-e-considerada-confisco-bras2412880\" target=\"_blank\" rel=\"noopener\">Dinheiro esquecido: apropria\u00e7\u00e3o de recursos por parte do governo \u00e9 considerada confisco<\/a><\/strong><\/p>\n<p><strong><a href=\"https:\/\/brasil61.com\/n\/reforma-tributaria-ccj-aprova-plano-de-trabalho-mas-deixa-setores-de-fora-bras2412878\" target=\"_blank\" rel=\"noopener\">Reforma Tribut\u00e1ria: CCJ aprova plano de trabalho, mas deixa setores de fora<\/a><\/strong><\/p>\n<p>\t\t\t\t\t\t\t\t\t<img loading=\"lazy\" decoding=\"async\" src=\"https:\/\/brasil61.com\/api\/v1\/serve_pixel\/17677\/78183\" alt=\"Pixel Brasil 61\" class=\"b61_pixel\" width=\"0\" height=\"0\"><\/p>\n<input type=\"hidden\" id=\"baseurl\" value=\"https:\/\/noticiasdestaque.com.br\"><input type=\"hidden\" id=\"audio_nonce\" value=\"6f73a554f1\">","protected":false},"excerpt":{"rendered":"<p>Benef\u00edcios s\u00e3o garantidos ao trabalhador de acordo com a Lei do FGTS e a Constitui\u00e7\u00e3o Federal<\/p>\n","protected":false},"author":1,"featured_media":39690,"comment_status":"open","ping_status":"open","sticky":false,"template":"","format":"standard","meta":{"fifu_image_url":"","fifu_image_alt":"","footnotes":""},"categories":[48],"tags":[],"class_list":["post-39689","post","type-post","status-publish","format-standard","has-post-thumbnail","hentry","category-mundo"],"distributor_meta":false,"distributor_terms":false,"distributor_media":false,"distributor_original_site_name":"Noticias em Destaque","distributor_original_site_url":"https:\/\/noticiasdestaque.com.br","push-errors":false,"_links":{"self":[{"href":"https:\/\/noticiasdestaque.com.br\/index.php\/wp-json\/wp\/v2\/posts\/39689","targetHints":{"allow":["GET"]}}],"collection":[{"href":"https:\/\/noticiasdestaque.com.br\/index.php\/wp-json\/wp\/v2\/posts"}],"about":[{"href":"https:\/\/noticiasdestaque.com.br\/index.php\/wp-json\/wp\/v2\/types\/post"}],"author":[{"embeddable":true,"href":"https:\/\/noticiasdestaque.com.br\/index.php\/wp-json\/wp\/v2\/users\/1"}],"replies":[{"embeddable":true,"href":"https:\/\/noticiasdestaque.com.br\/index.php\/wp-json\/wp\/v2\/comments?post=39689"}],"version-history":[{"count":0,"href":"https:\/\/noticiasdestaque.com.br\/index.php\/wp-json\/wp\/v2\/posts\/39689\/revisions"}],"wp:featuredmedia":[{"embeddable":true,"href":"https:\/\/noticiasdestaque.com.br\/index.php\/wp-json\/wp\/v2\/media\/39690"}],"wp:attachment":[{"href":"https:\/\/noticiasdestaque.com.br\/index.php\/wp-json\/wp\/v2\/media?parent=39689"}],"wp:term":[{"taxonomy":"category","embeddable":true,"href":"https:\/\/noticiasdestaque.com.br\/index.php\/wp-json\/wp\/v2\/categories?post=39689"},{"taxonomy":"post_tag","embeddable":true,"href":"https:\/\/noticiasdestaque.com.br\/index.php\/wp-json\/wp\/v2\/tags?post=39689"}],"curies":[{"name":"wp","href":"https:\/\/api.w.org\/{rel}","templated":true}]}}