{"id":39671,"date":"2024-11-05T04:22:00","date_gmt":"2024-11-05T07:22:00","guid":{"rendered":"https:\/\/noticiasdestaque.com.br\/index.php\/2024\/11\/05\/dolar-fecha-em-baixa-de-15-a-r-578\/"},"modified":"2024-11-05T04:22:00","modified_gmt":"2024-11-05T07:22:00","slug":"dolar-fecha-em-baixa-de-15-a-r-578","status":"publish","type":"post","link":"https:\/\/noticiasdestaque.com.br\/index.php\/2024\/11\/05\/dolar-fecha-em-baixa-de-15-a-r-578\/","title":{"rendered":"D\u00f3lar fecha em baixa de 1,5% a R$ 5,78"},"content":{"rendered":"<p>\t\t\t\t\t\t\t\t\t\t<audio controls class=\"b61_audio_player\" data-noticia=\"78378\" src=\"https:\/\/brasil61.com\/rails\/active_storage\/blobs\/eyJfcmFpbHMiOnsibWVzc2FnZSI6IkJBaHBBMjRRQXc9PSIsImV4cCI6bnVsbCwicHVyIjoiYmxvYl9pZCJ9fQ==--af9d6a231105fdecebe03036b4e7036307628ca6\/BRAS2412950A\"><\/audio><\/p>\n<p>O d\u00f3lar comercial come\u00e7a esta ter\u00e7a-feira (4) em queda de 1,54% cotado a R$ 5,78 depois de quase bater os R$ 5,90 na sess\u00e3o anterior. J\u00e1 o euro fechou em forte alta e \u00e9 cotado a R$ 6,29.<\/p>\n<p>A baixa da moeda americana veio depois de falas do ministro da Fazenda Fernando Haddad, que anunciou que o pacote de conten\u00e7\u00e3o de gastos p\u00fablicos deve ser apresentado em breve, j\u00e1 que do ponto de vista t\u00e9cnico, as medidas est\u00e3o bastante avan\u00e7adas. Haddad cancelou a viagem que faria \u00e0 Europa esta semana para se dedicar aos temas dom\u00e9sticos, o que repercutiu bem no mercado.<\/p>\n<p>No cen\u00e1rio exterior, o que fez a moeda americana recuar frente ao real, segundo especialistas, foram as \u00faltimas pesquisas de inten\u00e7\u00e3o de votos naquele pa\u00eds, que apontam para uma derrota de Donald Trump.\u00a0<\/p>\n<p>\n\u00a0<\/p>\n<p>\t\t\t\t\t\t\t\t\t<img loading=\"lazy\" decoding=\"async\" src=\"https:\/\/brasil61.com\/api\/v1\/serve_pixel\/17677\/78378\" alt=\"Pixel Brasil 61\" class=\"b61_pixel\" width=\"0\" height=\"0\"><\/p>\n<input type=\"hidden\" id=\"baseurl\" value=\"https:\/\/noticiasdestaque.com.br\"><input type=\"hidden\" id=\"audio_nonce\" value=\"6f73a554f1\">","protected":false},"excerpt":{"rendered":"<p>Queda da moeda americana tem influ\u00eancia de cortes de gastos com divulga\u00e7\u00e3o prevista para esta semana <\/p>\n","protected":false},"author":1,"featured_media":39672,"comment_status":"open","ping_status":"open","sticky":false,"template":"","format":"standard","meta":{"fifu_image_url":"","fifu_image_alt":"","footnotes":""},"categories":[59],"tags":[],"class_list":["post-39671","post","type-post","status-publish","format-standard","has-post-thumbnail","hentry","category-economia"],"distributor_meta":false,"distributor_terms":false,"distributor_media":false,"distributor_original_site_name":"Noticias em Destaque","distributor_original_site_url":"https:\/\/noticiasdestaque.com.br","push-errors":false,"_links":{"self":[{"href":"https:\/\/noticiasdestaque.com.br\/index.php\/wp-json\/wp\/v2\/posts\/39671","targetHints":{"allow":["GET"]}}],"collection":[{"href":"https:\/\/noticiasdestaque.com.br\/index.php\/wp-json\/wp\/v2\/posts"}],"about":[{"href":"https:\/\/noticiasdestaque.com.br\/index.php\/wp-json\/wp\/v2\/types\/post"}],"author":[{"embeddable":true,"href":"https:\/\/noticiasdestaque.com.br\/index.php\/wp-json\/wp\/v2\/users\/1"}],"replies":[{"embeddable":true,"href":"https:\/\/noticiasdestaque.com.br\/index.php\/wp-json\/wp\/v2\/comments?post=39671"}],"version-history":[{"count":0,"href":"https:\/\/noticiasdestaque.com.br\/index.php\/wp-json\/wp\/v2\/posts\/39671\/revisions"}],"wp:featuredmedia":[{"embeddable":true,"href":"https:\/\/noticiasdestaque.com.br\/index.php\/wp-json\/wp\/v2\/media\/39672"}],"wp:attachment":[{"href":"https:\/\/noticiasdestaque.com.br\/index.php\/wp-json\/wp\/v2\/media?parent=39671"}],"wp:term":[{"taxonomy":"category","embeddable":true,"href":"https:\/\/noticiasdestaque.com.br\/index.php\/wp-json\/wp\/v2\/categories?post=39671"},{"taxonomy":"post_tag","embeddable":true,"href":"https:\/\/noticiasdestaque.com.br\/index.php\/wp-json\/wp\/v2\/tags?post=39671"}],"curies":[{"name":"wp","href":"https:\/\/api.w.org\/{rel}","templated":true}]}}