{"id":39639,"date":"2024-11-05T18:00:00","date_gmt":"2024-11-05T21:00:00","guid":{"rendered":"https:\/\/noticiasdestaque.com.br\/index.php\/2024\/11\/05\/previsao-do-tempo-alerta-de-chuvas-intensas-para-grande-parte-do-sudeste\/"},"modified":"2024-11-05T18:00:00","modified_gmt":"2024-11-05T21:00:00","slug":"previsao-do-tempo-alerta-de-chuvas-intensas-para-grande-parte-do-sudeste","status":"publish","type":"post","link":"https:\/\/noticiasdestaque.com.br\/index.php\/2024\/11\/05\/previsao-do-tempo-alerta-de-chuvas-intensas-para-grande-parte-do-sudeste\/","title":{"rendered":"PREVIS\u00c3O DO TEMPO: Alerta de chuvas intensas para grande parte do Sudeste"},"content":{"rendered":"<p>\t\t\t\t\t\t\t\t\t\t<audio controls class=\"b61_audio_player\" data-noticia=\"78389\" src=\"https:\/\/brasil61.com\/rails\/active_storage\/blobs\/eyJfcmFpbHMiOnsibWVzc2FnZSI6IkJBaHBBNEFRQXc9PSIsImV4cCI6bnVsbCwicHVyIjoiYmxvYl9pZCJ9fQ==--2db3a946e462d55f4987065a479beb7fdd81521e\/PTSD243873A\"><\/audio><\/p>\n<p>\nMais um dia de alerta de chuvas intensas para a regi\u00e3o Sudeste. Nesta quarta-feira (6) apenas o litoral norte do Esp\u00edrito Santo fica de fora da zona de aten\u00e7\u00e3o. Nas demais regi\u00f5es do estado tem previs\u00e3o de sol aparecendo entre nuvens com alerta de perigo potencial de chuvas intensas.\u00a0<\/p>\n<p>Isso significa que pode chover at\u00e9 50 mm por dia nesses locais, com ventos fortes. O maior volume \u00e9 previsto para todo \u00a0o estado de S\u00e3o Paulo e tri\u00e2ngulo mineiro. J\u00e1 na por\u00e7\u00e3o leste de Minas e Esp\u00edrito Santo, a chuva aparece, mas em menor volume.\u00a0<\/p>\n<p>Na capital carioca o sol aparece entre poucas nuvens e faz calor, 34\u00baC. J\u00e1 em Vit\u00f3ria (ES) o dia ser\u00e1 de sol com muitas nuvens e temperatura m\u00e1xima de 30\u00baC.\u00a0<\/p>\n<p>BH e S\u00e3o Paulo capital tem 27\u00baC de m\u00e1ximas previstas e chance de chover a qualquer hora do dia.\u00a0<\/p>\n<p>As informa\u00e7\u00f5es s\u00e3o do Inmet<\/p>\n<p>\n\u00a0<\/p>\n<p>\t\t\t\t\t\t\t\t\t<img loading=\"lazy\" decoding=\"async\" src=\"https:\/\/brasil61.com\/api\/v1\/serve_pixel\/17677\/78389\" alt=\"Pixel Brasil 61\" class=\"b61_pixel\" width=\"0\" height=\"0\"><\/p>\n<input type=\"hidden\" id=\"baseurl\" value=\"https:\/\/noticiasdestaque.com.br\"><input type=\"hidden\" id=\"audio_nonce\" value=\"5128c810d9\">","protected":false},"excerpt":{"rendered":"<p>Litoral norte do Esp\u00edrito Santo fica fora da faixa de perigo potencial e deve ter dia de sol <\/p>\n","protected":false},"author":1,"featured_media":39640,"comment_status":"open","ping_status":"open","sticky":false,"template":"","format":"standard","meta":{"fifu_image_url":"","fifu_image_alt":"","footnotes":""},"categories":[58],"tags":[],"class_list":["post-39639","post","type-post","status-publish","format-standard","has-post-thumbnail","hentry","category-cotidiano"],"distributor_meta":false,"distributor_terms":false,"distributor_media":false,"distributor_original_site_name":"Noticias em Destaque","distributor_original_site_url":"https:\/\/noticiasdestaque.com.br","push-errors":false,"_links":{"self":[{"href":"https:\/\/noticiasdestaque.com.br\/index.php\/wp-json\/wp\/v2\/posts\/39639","targetHints":{"allow":["GET"]}}],"collection":[{"href":"https:\/\/noticiasdestaque.com.br\/index.php\/wp-json\/wp\/v2\/posts"}],"about":[{"href":"https:\/\/noticiasdestaque.com.br\/index.php\/wp-json\/wp\/v2\/types\/post"}],"author":[{"embeddable":true,"href":"https:\/\/noticiasdestaque.com.br\/index.php\/wp-json\/wp\/v2\/users\/1"}],"replies":[{"embeddable":true,"href":"https:\/\/noticiasdestaque.com.br\/index.php\/wp-json\/wp\/v2\/comments?post=39639"}],"version-history":[{"count":0,"href":"https:\/\/noticiasdestaque.com.br\/index.php\/wp-json\/wp\/v2\/posts\/39639\/revisions"}],"wp:featuredmedia":[{"embeddable":true,"href":"https:\/\/noticiasdestaque.com.br\/index.php\/wp-json\/wp\/v2\/media\/39640"}],"wp:attachment":[{"href":"https:\/\/noticiasdestaque.com.br\/index.php\/wp-json\/wp\/v2\/media?parent=39639"}],"wp:term":[{"taxonomy":"category","embeddable":true,"href":"https:\/\/noticiasdestaque.com.br\/index.php\/wp-json\/wp\/v2\/categories?post=39639"},{"taxonomy":"post_tag","embeddable":true,"href":"https:\/\/noticiasdestaque.com.br\/index.php\/wp-json\/wp\/v2\/tags?post=39639"}],"curies":[{"name":"wp","href":"https:\/\/api.w.org\/{rel}","templated":true}]}}