{"id":39635,"date":"2024-11-05T18:00:00","date_gmt":"2024-11-05T21:00:00","guid":{"rendered":"https:\/\/noticiasdestaque.com.br\/index.php\/2024\/11\/05\/previsao-do-tempo-nordeste-com-previsao-de-sol-nesta-quarta\/"},"modified":"2024-11-05T18:00:00","modified_gmt":"2024-11-05T21:00:00","slug":"previsao-do-tempo-nordeste-com-previsao-de-sol-nesta-quarta","status":"publish","type":"post","link":"https:\/\/noticiasdestaque.com.br\/index.php\/2024\/11\/05\/previsao-do-tempo-nordeste-com-previsao-de-sol-nesta-quarta\/","title":{"rendered":"PREVIS\u00c3O DO TEMPO: Nordeste com previs\u00e3o de sol nesta quarta"},"content":{"rendered":"<p>\t\t\t\t\t\t\t\t\t\t<audio controls class=\"b61_audio_player\" data-noticia=\"78387\" src=\"https:\/\/brasil61.com\/rails\/active_storage\/blobs\/eyJfcmFpbHMiOnsibWVzc2FnZSI6IkJBaHBBNElRQXc9PSIsImV4cCI6bnVsbCwicHVyIjoiYmxvYl9pZCJ9fQ==--602da6a2724e07fe5f17aafc57d31a08899e6206\/PTND244481A\"><\/audio><\/p>\n<p>A quarta-feira deve ser de sol entre nuvens na maior parte do Nordeste, sobretudo nos estados de Alagoas at\u00e9 o Maranh\u00e3o. No litoral, o sol aparece com poucas nuvens e h\u00e1 menor possibilidade de chover. Com exce\u00e7\u00e3o de Salvador (BA), onde h\u00e1 previs\u00e3o de aumento de nuvens \u00e0 tarde e chuva isolada.\u00a0<\/p>\n<p>O Inmet emitiu um alerta para intensifica\u00e7\u00e3o dos ventos nas regi\u00f5es litor\u00e2neas, movimentando dunas de areia sobre constru\u00e7\u00f5es na orla. O que vale para norte e noroeste cearenses, regi\u00e3o metropolitana de Fortaleza, regi\u00f5es oeste potiguar, al\u00e9m do norte piauiense.\u00a0<\/p>\n<p>Nas capitais litor\u00e2neas, como em Macei\u00f3 e em Fortaleza, faz calor, com m\u00e1xima de 30\u00baC. J\u00e1 no centro-sul da Bahia t\u00eam aumento da nebulosidade e chances de chover a qualquer hora do dia, no oeste do estado. Em Lu\u00eds Eduardo Magalh\u00e3es\u00a0chove em forma de pancadas e a temperatura m\u00e1xima pode chegar aos 31\u00baC.\u00a0<\/p>\n<p>As informa\u00e7\u00f5es s\u00e3o do Inmet<\/p>\n<p>\n\u00a0<\/p>\n<p>\t\t\t\t\t\t\t\t\t<img loading=\"lazy\" decoding=\"async\" src=\"https:\/\/brasil61.com\/api\/v1\/serve_pixel\/17677\/78387\" alt=\"Pixel Brasil 61\" class=\"b61_pixel\" width=\"0\" height=\"0\"><\/p>\n<input type=\"hidden\" id=\"baseurl\" value=\"https:\/\/noticiasdestaque.com.br\"><input type=\"hidden\" id=\"audio_nonce\" value=\"6f73a554f1\">","protected":false},"excerpt":{"rendered":"<p>Litoral cearense e do RN tem alerta para aumento dos ventos costeiros <\/p>\n","protected":false},"author":1,"featured_media":39636,"comment_status":"open","ping_status":"open","sticky":false,"template":"","format":"standard","meta":{"fifu_image_url":"","fifu_image_alt":"","footnotes":""},"categories":[58],"tags":[],"class_list":["post-39635","post","type-post","status-publish","format-standard","has-post-thumbnail","hentry","category-cotidiano"],"distributor_meta":false,"distributor_terms":false,"distributor_media":false,"distributor_original_site_name":"Noticias em Destaque","distributor_original_site_url":"https:\/\/noticiasdestaque.com.br","push-errors":false,"_links":{"self":[{"href":"https:\/\/noticiasdestaque.com.br\/index.php\/wp-json\/wp\/v2\/posts\/39635","targetHints":{"allow":["GET"]}}],"collection":[{"href":"https:\/\/noticiasdestaque.com.br\/index.php\/wp-json\/wp\/v2\/posts"}],"about":[{"href":"https:\/\/noticiasdestaque.com.br\/index.php\/wp-json\/wp\/v2\/types\/post"}],"author":[{"embeddable":true,"href":"https:\/\/noticiasdestaque.com.br\/index.php\/wp-json\/wp\/v2\/users\/1"}],"replies":[{"embeddable":true,"href":"https:\/\/noticiasdestaque.com.br\/index.php\/wp-json\/wp\/v2\/comments?post=39635"}],"version-history":[{"count":0,"href":"https:\/\/noticiasdestaque.com.br\/index.php\/wp-json\/wp\/v2\/posts\/39635\/revisions"}],"wp:featuredmedia":[{"embeddable":true,"href":"https:\/\/noticiasdestaque.com.br\/index.php\/wp-json\/wp\/v2\/media\/39636"}],"wp:attachment":[{"href":"https:\/\/noticiasdestaque.com.br\/index.php\/wp-json\/wp\/v2\/media?parent=39635"}],"wp:term":[{"taxonomy":"category","embeddable":true,"href":"https:\/\/noticiasdestaque.com.br\/index.php\/wp-json\/wp\/v2\/categories?post=39635"},{"taxonomy":"post_tag","embeddable":true,"href":"https:\/\/noticiasdestaque.com.br\/index.php\/wp-json\/wp\/v2\/tags?post=39635"}],"curies":[{"name":"wp","href":"https:\/\/api.w.org\/{rel}","templated":true}]}}