{"id":39631,"date":"2024-11-04T18:00:00","date_gmt":"2024-11-04T21:00:00","guid":{"rendered":"https:\/\/noticiasdestaque.com.br\/index.php\/2024\/11\/04\/previsao-do-tempo-sudeste-contara-com-chuva-em-praticamente-toda-a-regiao-ao-longo-desta-terca-feira-5\/"},"modified":"2024-11-04T18:00:00","modified_gmt":"2024-11-04T21:00:00","slug":"previsao-do-tempo-sudeste-contara-com-chuva-em-praticamente-toda-a-regiao-ao-longo-desta-terca-feira-5","status":"publish","type":"post","link":"https:\/\/noticiasdestaque.com.br\/index.php\/2024\/11\/04\/previsao-do-tempo-sudeste-contara-com-chuva-em-praticamente-toda-a-regiao-ao-longo-desta-terca-feira-5\/","title":{"rendered":"PREVIS\u00c3O DO TEMPO: Sudeste contar\u00e1 com chuva em praticamente toda a regi\u00e3o, ao longo desta ter\u00e7a-feira (5)"},"content":{"rendered":"<p>\t\t\t\t\t\t\t\t\t\t<audio controls class=\"b61_audio_player\" data-noticia=\"78374\" src=\"https:\/\/brasil61.com\/rails\/active_storage\/blobs\/eyJfcmFpbHMiOnsibWVzc2FnZSI6IkJBaHBBMWNRQXc9PSIsImV4cCI6bnVsbCwicHVyIjoiYmxvYl9pZCJ9fQ==--a930cb27a57e5a7379937862cfc8b92d2f754150\/PTSD243872A\"><\/audio><\/p>\n<p>O Sudeste brasileiro ter\u00e1 uma ter\u00e7a-feira (5) de muitas nuvens com possibilidade de chuva isolada. A condi\u00e7\u00e3o ser\u00e1 notada em praticamente todo o estado de Minas Gerais, em cidades como Corinto e Serro, mais ao centro.<\/p>\n<p>Em S\u00e3o Paulo, a previs\u00e3o \u00e9 a mesma para cidades mais ao leste, como Guararema e Paraibuna. J\u00e1 mais ao oeste paulista, como em Monte Castelo e Dracena, a previs\u00e3o \u00e9 de c\u00e9u nublado, com pancadas de chuva e trovoadas.\u00a0<\/p>\n<p>No\u00a0Rio de Janeiro e em praticamente todo o Espirito Santo, a previs\u00e3o \u00e9 de c\u00e9u nublado, com chuva isolada.\u00a0<\/p>\n<p>Todos os estados da regi\u00e3o devem contar com alerta de perigo para acumulado de chuva.<\/p>\n<p>Entre as capitais, a temperatura m\u00ednima prevista \u00e9 de 17\u00b0C, em Belo Horizonte. J\u00e1 a m\u00e1xima pode chegar a 30\u00b0C, em Vit\u00f3ria. A umidade relativa do ar varia entre 50% e 100%.<\/p>\n<p>As informa\u00e7\u00f5es s\u00e3o do Instituto Nacional de Meteorologia.\u00a0<br \/>\n\u00a0<\/p>\n<p>\t\t\t\t\t\t\t\t\t<img loading=\"lazy\" decoding=\"async\" src=\"https:\/\/brasil61.com\/api\/v1\/serve_pixel\/17677\/78374\" alt=\"Pixel Brasil 61\" class=\"b61_pixel\" width=\"0\" height=\"0\"><\/p>\n<input type=\"hidden\" id=\"baseurl\" value=\"https:\/\/noticiasdestaque.com.br\"><input type=\"hidden\" id=\"audio_nonce\" value=\"581f3017e1\">","protected":false},"excerpt":{"rendered":"<p>Todos os estados da regi\u00e3o devem contar com alerta de perigo para acumulado de chuva<\/p>\n","protected":false},"author":1,"featured_media":39632,"comment_status":"open","ping_status":"open","sticky":false,"template":"","format":"standard","meta":{"fifu_image_url":"","fifu_image_alt":"","footnotes":""},"categories":[58],"tags":[],"class_list":["post-39631","post","type-post","status-publish","format-standard","has-post-thumbnail","hentry","category-cotidiano"],"distributor_meta":false,"distributor_terms":false,"distributor_media":false,"distributor_original_site_name":"Noticias em Destaque","distributor_original_site_url":"https:\/\/noticiasdestaque.com.br","push-errors":false,"_links":{"self":[{"href":"https:\/\/noticiasdestaque.com.br\/index.php\/wp-json\/wp\/v2\/posts\/39631","targetHints":{"allow":["GET"]}}],"collection":[{"href":"https:\/\/noticiasdestaque.com.br\/index.php\/wp-json\/wp\/v2\/posts"}],"about":[{"href":"https:\/\/noticiasdestaque.com.br\/index.php\/wp-json\/wp\/v2\/types\/post"}],"author":[{"embeddable":true,"href":"https:\/\/noticiasdestaque.com.br\/index.php\/wp-json\/wp\/v2\/users\/1"}],"replies":[{"embeddable":true,"href":"https:\/\/noticiasdestaque.com.br\/index.php\/wp-json\/wp\/v2\/comments?post=39631"}],"version-history":[{"count":0,"href":"https:\/\/noticiasdestaque.com.br\/index.php\/wp-json\/wp\/v2\/posts\/39631\/revisions"}],"wp:featuredmedia":[{"embeddable":true,"href":"https:\/\/noticiasdestaque.com.br\/index.php\/wp-json\/wp\/v2\/media\/39632"}],"wp:attachment":[{"href":"https:\/\/noticiasdestaque.com.br\/index.php\/wp-json\/wp\/v2\/media?parent=39631"}],"wp:term":[{"taxonomy":"category","embeddable":true,"href":"https:\/\/noticiasdestaque.com.br\/index.php\/wp-json\/wp\/v2\/categories?post=39631"},{"taxonomy":"post_tag","embeddable":true,"href":"https:\/\/noticiasdestaque.com.br\/index.php\/wp-json\/wp\/v2\/tags?post=39631"}],"curies":[{"name":"wp","href":"https:\/\/api.w.org\/{rel}","templated":true}]}}