{"id":39603,"date":"2024-11-03T18:46:00","date_gmt":"2024-11-03T21:46:00","guid":{"rendered":"https:\/\/noticiasdestaque.com.br\/index.php\/2024\/11\/03\/previsao-do-tempo-pancadas-de-chuva-na-regiao-sul-nesta-segunda-feira-4\/"},"modified":"2024-11-03T18:46:00","modified_gmt":"2024-11-03T21:46:00","slug":"previsao-do-tempo-pancadas-de-chuva-na-regiao-sul-nesta-segunda-feira-4","status":"publish","type":"post","link":"https:\/\/noticiasdestaque.com.br\/index.php\/2024\/11\/03\/previsao-do-tempo-pancadas-de-chuva-na-regiao-sul-nesta-segunda-feira-4\/","title":{"rendered":"PREVIS\u00c3O DO TEMPO: Pancadas de chuva na regi\u00e3o Sul, nesta segunda-feira (4)"},"content":{"rendered":"<p>\t\t\t\t\t\t\t\t\t\t<audio controls class=\"b61_audio_player\" data-noticia=\"78354\" src=\"https:\/\/brasil61.com\/rails\/active_storage\/blobs\/eyJfcmFpbHMiOnsibWVzc2FnZSI6IkJBaHBBMnNPQXc9PSIsImV4cCI6bnVsbCwicHVyIjoiYmxvYl9pZCJ9fQ==--b546d7dd81492e4bc8d8c0ceb78d96a2a05828e9\/PTRS243753A\"><\/audio><\/p>\n<p>Tempo chuvoso predomina na regi\u00e3o Sul, nesta segunda-feira (4). Muitas nuvens com pancadas de chuva e trovoadas isoladas em grande parte do Rio Grande do Sul.<\/p>\n<p>Em Santa Catarina e no Paran\u00e1, preval\u00eancia do tempo com muitas nuvens e pancadas de chuva isoladas. \u00a0Desde este domingo (3), \u00e1reas de instabilidade se intensificaram nos dois estados. Isso favorece pancadas de chuva com acumulados de precipita\u00e7\u00e3o entre 20 e 70 mm.\u00a0<\/p>\n<p>Em Curitiba (PR), temperatura m\u00ednima de 17\u00baC e m\u00e1xima de 24\u00baC. Em Florian\u00f3polis (SC), m\u00ednima de 19\u00baC e m\u00e1xima de 26\u00baC.\u00a0 Porto Alegre (RS) deve registrar m\u00ednima de 20\u00baC e m\u00e1xima de 26\u00baC.\u00a0<\/p>\n<p>As informa\u00e7\u00f5es s\u00e3o do Instituto Nacional de Meteorologia.<\/p>\n<p>\t\t\t\t\t\t\t\t\t<img loading=\"lazy\" decoding=\"async\" src=\"https:\/\/brasil61.com\/api\/v1\/serve_pixel\/17677\/78354\" alt=\"Pixel Brasil 61\" class=\"b61_pixel\" width=\"0\" height=\"0\"><\/p>\n<input type=\"hidden\" id=\"baseurl\" value=\"https:\/\/noticiasdestaque.com.br\"><input type=\"hidden\" id=\"audio_nonce\" value=\"6f73a554f1\">","protected":false},"excerpt":{"rendered":"<p>Em Santa Catarina e no Paran\u00e1, preval\u00eancia do tempo com muitas nuvens com pancadas de chuva isoladas<\/p>\n","protected":false},"author":1,"featured_media":39604,"comment_status":"open","ping_status":"open","sticky":false,"template":"","format":"standard","meta":{"fifu_image_url":"","fifu_image_alt":"","footnotes":""},"categories":[58],"tags":[],"class_list":["post-39603","post","type-post","status-publish","format-standard","has-post-thumbnail","hentry","category-cotidiano"],"distributor_meta":false,"distributor_terms":false,"distributor_media":false,"distributor_original_site_name":"Noticias em Destaque","distributor_original_site_url":"https:\/\/noticiasdestaque.com.br","push-errors":false,"_links":{"self":[{"href":"https:\/\/noticiasdestaque.com.br\/index.php\/wp-json\/wp\/v2\/posts\/39603","targetHints":{"allow":["GET"]}}],"collection":[{"href":"https:\/\/noticiasdestaque.com.br\/index.php\/wp-json\/wp\/v2\/posts"}],"about":[{"href":"https:\/\/noticiasdestaque.com.br\/index.php\/wp-json\/wp\/v2\/types\/post"}],"author":[{"embeddable":true,"href":"https:\/\/noticiasdestaque.com.br\/index.php\/wp-json\/wp\/v2\/users\/1"}],"replies":[{"embeddable":true,"href":"https:\/\/noticiasdestaque.com.br\/index.php\/wp-json\/wp\/v2\/comments?post=39603"}],"version-history":[{"count":0,"href":"https:\/\/noticiasdestaque.com.br\/index.php\/wp-json\/wp\/v2\/posts\/39603\/revisions"}],"wp:featuredmedia":[{"embeddable":true,"href":"https:\/\/noticiasdestaque.com.br\/index.php\/wp-json\/wp\/v2\/media\/39604"}],"wp:attachment":[{"href":"https:\/\/noticiasdestaque.com.br\/index.php\/wp-json\/wp\/v2\/media?parent=39603"}],"wp:term":[{"taxonomy":"category","embeddable":true,"href":"https:\/\/noticiasdestaque.com.br\/index.php\/wp-json\/wp\/v2\/categories?post=39603"},{"taxonomy":"post_tag","embeddable":true,"href":"https:\/\/noticiasdestaque.com.br\/index.php\/wp-json\/wp\/v2\/tags?post=39603"}],"curies":[{"name":"wp","href":"https:\/\/api.w.org\/{rel}","templated":true}]}}