{"id":39595,"date":"2024-11-03T18:36:00","date_gmt":"2024-11-03T21:36:00","guid":{"rendered":"https:\/\/noticiasdestaque.com.br\/index.php\/2024\/11\/03\/previsao-do-tempo-muitas-nuvens-com-pancadas-de-chuva-na-regiao-norte-nesta-segunda-feira-4\/"},"modified":"2024-11-03T18:36:00","modified_gmt":"2024-11-03T21:36:00","slug":"previsao-do-tempo-muitas-nuvens-com-pancadas-de-chuva-na-regiao-norte-nesta-segunda-feira-4","status":"publish","type":"post","link":"https:\/\/noticiasdestaque.com.br\/index.php\/2024\/11\/03\/previsao-do-tempo-muitas-nuvens-com-pancadas-de-chuva-na-regiao-norte-nesta-segunda-feira-4\/","title":{"rendered":"PREVIS\u00c3O DO TEMPO: muitas nuvens com pancadas de chuva na regi\u00e3o Norte, nesta segunda-feira (4)"},"content":{"rendered":"<p>\t\t\t\t\t\t\t\t\t\t<audio controls class=\"b61_audio_player\" data-noticia=\"78350\" src=\"https:\/\/brasil61.com\/rails\/active_storage\/blobs\/eyJfcmFpbHMiOnsibWVzc2FnZSI6IkJBaHBBMjhPQXc9PSIsImV4cCI6bnVsbCwicHVyIjoiYmxvYl9pZCJ9fQ==--8f508fbafd410acf7865e1e7a7a455f4eec4b994\/PTRN244237A\"><\/audio><\/p>\n<p>A previs\u00e3o para esta segunda-feira (4) indica muitas nuvens com pancadas de chuva e trovoadas isoladas em todo Acre, Rond\u00f4nia, Amazonas e parte de Roraima.<\/p>\n<p>Muitas nuvens com pancadas de chuva no Amap\u00e1, Par\u00e1 e sul de Tocantins.\u00a0<\/p>\n<p>O Instituto Nacional de Meteorologia (Inmet) prev\u00ea acumulados de chuva \u00a0principalmente na por\u00e7\u00e3o oeste e sul do Amazonas, sul do Tocantins e Rond\u00f4nia, com volumes entre 30 e 80 mm. As \u00e1reas mais ao norte, como o Amap\u00e1, centro-norte do Par\u00e1 e partes de Roraima, devem ter acumulados menores, abaixo de 10 mm.<\/p>\n<p>Entre as capitais, temperaturas m\u00ednimas de 23\u00ba em Bel\u00e9m (PA), de 24\u00baC em Rio Branco (AC) e de 25\u00ba C em \u00a0Palmas (TO), Porto Velho (RO) e Macap\u00e1 (AP). M\u00e1ximas de 37\u00baC em Manaus (AM) e Boa Vista (RR).<\/p>\n<p>As informa\u00e7\u00f5es s\u00e3o do Instituto Nacional de Meteorologia.<\/p>\n<p>Marquezan Ara\u00fajo, o tempo e a temperatura<br \/>\n\u00a0<\/p>\n<p>\t\t\t\t\t\t\t\t\t<img loading=\"lazy\" decoding=\"async\" src=\"https:\/\/brasil61.com\/api\/v1\/serve_pixel\/17677\/78350\" alt=\"Pixel Brasil 61\" class=\"b61_pixel\" width=\"0\" height=\"0\"><\/p>\n<input type=\"hidden\" id=\"baseurl\" value=\"https:\/\/noticiasdestaque.com.br\"><input type=\"hidden\" id=\"audio_nonce\" value=\"6f73a554f1\">","protected":false},"excerpt":{"rendered":"<p>Acumulados de chuva principalmente na por\u00e7\u00e3o oeste e sul do Amazonas, sul do Tocantins e Rond\u00f4nia, com volumes entre 30 e 80 mm<\/p>\n","protected":false},"author":1,"featured_media":39596,"comment_status":"open","ping_status":"open","sticky":false,"template":"","format":"standard","meta":{"fifu_image_url":"","fifu_image_alt":"","footnotes":""},"categories":[58],"tags":[],"class_list":["post-39595","post","type-post","status-publish","format-standard","has-post-thumbnail","hentry","category-cotidiano"],"distributor_meta":false,"distributor_terms":false,"distributor_media":false,"distributor_original_site_name":"Noticias em Destaque","distributor_original_site_url":"https:\/\/noticiasdestaque.com.br","push-errors":false,"_links":{"self":[{"href":"https:\/\/noticiasdestaque.com.br\/index.php\/wp-json\/wp\/v2\/posts\/39595","targetHints":{"allow":["GET"]}}],"collection":[{"href":"https:\/\/noticiasdestaque.com.br\/index.php\/wp-json\/wp\/v2\/posts"}],"about":[{"href":"https:\/\/noticiasdestaque.com.br\/index.php\/wp-json\/wp\/v2\/types\/post"}],"author":[{"embeddable":true,"href":"https:\/\/noticiasdestaque.com.br\/index.php\/wp-json\/wp\/v2\/users\/1"}],"replies":[{"embeddable":true,"href":"https:\/\/noticiasdestaque.com.br\/index.php\/wp-json\/wp\/v2\/comments?post=39595"}],"version-history":[{"count":0,"href":"https:\/\/noticiasdestaque.com.br\/index.php\/wp-json\/wp\/v2\/posts\/39595\/revisions"}],"wp:featuredmedia":[{"embeddable":true,"href":"https:\/\/noticiasdestaque.com.br\/index.php\/wp-json\/wp\/v2\/media\/39596"}],"wp:attachment":[{"href":"https:\/\/noticiasdestaque.com.br\/index.php\/wp-json\/wp\/v2\/media?parent=39595"}],"wp:term":[{"taxonomy":"category","embeddable":true,"href":"https:\/\/noticiasdestaque.com.br\/index.php\/wp-json\/wp\/v2\/categories?post=39595"},{"taxonomy":"post_tag","embeddable":true,"href":"https:\/\/noticiasdestaque.com.br\/index.php\/wp-json\/wp\/v2\/tags?post=39595"}],"curies":[{"name":"wp","href":"https:\/\/api.w.org\/{rel}","templated":true}]}}