{"id":39589,"date":"2024-11-04T18:21:29","date_gmt":"2024-11-04T21:21:29","guid":{"rendered":"https:\/\/noticiasdestaque.com.br\/index.php\/2024\/11\/04\/marc-yann-comemora-sucesso-do-single-profano-tem-sido-magico\/"},"modified":"2024-11-04T18:21:29","modified_gmt":"2024-11-04T21:21:29","slug":"marc-yann-comemora-sucesso-do-single-profano-tem-sido-magico","status":"publish","type":"post","link":"https:\/\/noticiasdestaque.com.br\/index.php\/2024\/11\/04\/marc-yann-comemora-sucesso-do-single-profano-tem-sido-magico\/","title":{"rendered":"Marc Yann comemora sucesso do single \u201cProfano\u201d: \u201cTem sido m\u00e1gico\u201d"},"content":{"rendered":"\n<p>Somando muitos plays nas plataformas de streaming, o multiartista&nbsp;<strong>Marc Yann<\/strong>&nbsp;comemora o sucesso do novo som &#8220;<strong>Profano<\/strong>&#8220;, lan\u00e7ado recentemente e j\u00e1 dispon\u00edvel em todas as plataformas digitais. O trabalho \u00e9 o primeiro single do futuro \u00e1lbum do cantor, &#8220;<strong>A Noite Mais Sombria<\/strong>&#8220;, previsto para ser estreado ainda nos pr\u00f3ximos meses.&nbsp;<\/p>\n\n\n\n<p>\u201cProfano\u201d chega para questionar os pr\u00f3prios sentimentos, as origens e como tudo \u00e9 um mist\u00e9rio a ser descoberto quando se conhece algu\u00e9m novo. A faixa autoral &#8211; e tamb\u00e9m produzida, escrita pelo artista -, \u00e9 repleta de sons, camadas e mudan\u00e7as, assim como o amor.&nbsp;<\/p>\n\n\n\n<p class=\"has-text-align-center\"><a href=\"https:\/\/sndo.ffm.to\/8wxo0yl\" target=\"_blank\" rel=\"noreferrer noopener\"><strong>Ou\u00e7a agora o novo single<\/strong><\/a><\/p>\n\n\n\n<p>Explorando suas pr\u00f3prias viv\u00eancias e transformando-as em m\u00fasica, quanto \u00e0 composi\u00e7\u00e3o Marc revela que sempre se questionou quanto \u00e0 realidade de seus sentimentos, o que o levou a escrever a primeira vers\u00e3o da m\u00fasica \u201cProfano\u201d h\u00e1 algum tempo. Inicialmente, ele n\u00e3o via potencial na can\u00e7\u00e3o e a deixou guardada.<\/p>\n\n\n\n<p>A can\u00e7\u00e3o, juntamente com o clipe, vem conquistando o p\u00fablico na internet e surpreendendo cada dia mais. O artista vem recebendo feedback positivo do novo som e celebra este momento da carreira, que antecede o pr\u00f3ximo \u00e1lbum da carreira.&nbsp;<\/p>\n\n\n\n<p>&#8220;<em><strong>Estava com muita vontade de soltar logo essa m\u00fasica no mundo e acompanhar as interpreta\u00e7\u00f5es das pessoas. Ver tanta gente nova curtindo, compartilhando e transformando a m\u00fasica em trilha sonora de declara\u00e7\u00f5es, tem sido m\u00e1gico. \u00c9 tudo que eu quero: alcan\u00e7ar o cora\u00e7\u00e3o das pessoas com minha arte e forma de enxergar o mundo. Estou grato de ter pessoas para ouvir o que tenho a dizer<\/strong><\/em>&#8220;, conta Marc.<\/p>\n\n\n\n<p>A faixa antecede &#8220;<strong>A Noite Mais Sombria<\/strong>&#8220;, o pr\u00f3ximo projeto do artista. Para ele, esta can\u00e7\u00e3o \u00e9 muito especial. \u201c&#8217;Profano&#8217; \u00e9 o carro-chefe do meu pr\u00f3ximo \u00e1lbum e fecha um ciclo da minha vida. Ela representa tudo o que sou como um multiartista at\u00e9 agora. Serei sempre grato e feliz por esse momento de ter uma m\u00fasica com tamanho significado sendo aceita pelas pessoas&#8221;, completa.<\/p>\n\n\n\n<p>Solidificando ainda mais o dark pop eletr\u00f4nico no Brasil, g\u00eanero j\u00e1 representado por nomes como Cleo e Jade Baraldo, o single tamb\u00e9m aposta em visuais m\u00edsticos e simbologias para traduzir os sentimentos intensos da paix\u00e3o. &#8220;Queria que cada sensa\u00e7\u00e3o da letra tamb\u00e9m estivesse no instrumental. Recomendo inclusive ouvir v\u00e1rias vezes para descobrir os segredos dela (risos)&#8221;, conta Marc.&nbsp;<\/p>\n\n\n\n<p>A faixa antecede o futuro \u00e1lbum &#8220;<strong>A Noite Mais Sombria<\/strong>&#8220;, um projeto muito especial para o artista. &#8220;Essa can\u00e7\u00e3o \u00e9 o carro-chefe e d\u00e1 in\u00edcio a hist\u00f3ria que vou contar no disco&#8221;, ele conta. O tracklist traz uma narrativa completa e as can\u00e7\u00f5es foram pensadas por ele como cap\u00edtulos, tendo &#8220;Profano&#8221; como a &#8216;escolha perfeita&#8217; para este start da nova fase. &#8220;<em><strong>\u00c9 sobre aquele sentimento inicial de d\u00favida e nega\u00e7\u00e3o em rela\u00e7\u00e3o a estar amando algu\u00e9m. Esse \u00e9 s\u00f3 o come\u00e7o&#8230;&#8221;<\/strong><\/em>, pondera Marc.<\/p>\n\n\n\n<p>O clipe lan\u00e7ado e dispon\u00edvel no YouTube do artista vem sendo muito elogiado tamb\u00e9m. O audiovisual traz uma atmosfera cinematogr\u00e1fica explorando os mist\u00e9rios e devaneios de se estar apaixonado por algu\u00e9m novo ou, talvez, apenas a busca inconsciente por repetir um ciclo vicioso que termina em escurid\u00e3o.<\/p>\n\n\n\n<p>&#8220;<em><strong>A galera tem amado a fotografia e toda a produ\u00e7\u00e3o. Aqui no Brasil, e sendo um artista independente \u00e9 muito caro produzir algo, e levei muito tempo at\u00e9 juntar todas as pe\u00e7as desse projeto para fazer acontecer. Agora que est\u00e1 lan\u00e7ado, \u00e9 um al\u00edvio e felicidade por, mesmo sendo um artista independente, conseguir chegar nas pessoas com ele<\/strong><\/em>&#8220;, finaliza o cantor.<\/p>\n\n\n\n<p>Quanto aos pr\u00f3ximos passos, ele afirma: <em><strong>&#8220;Est\u00e1 vindo o projeto mais importante at\u00e9 agora: meu novo \u00e1lbum, \u201cA Noite Mais Sombria\u201d, que vou anunciar muito em breve para voc\u00eas e posso adiantar: a capa est\u00e1 incr\u00edvel. Recebi ela essa semana e vou entregar conceito (risos). Aguardem novidades<\/strong><\/em>&#8220;.<\/p>\n\n\n\n<p><strong>Redes Sociais:<br>Instagram:<\/strong>&nbsp;<a href=\"https:\/\/www.instagram.com\/eumarcyann\/\" target=\"_blank\" rel=\"noreferrer noopener\">@eumarcyann<br><\/a><strong>YouTube<\/strong>:&nbsp;<a href=\"https:\/\/www.youtube.com\/@marcyann\" target=\"_blank\" rel=\"noreferrer noopener\">Marc Yann<br><\/a><strong>Spotify<\/strong>:&nbsp;<a href=\"https:\/\/open.spotify.com\/intl-pt\/artist\/2XCuDk7P16Zp9Nvak5BmRf?si=nqywCTqsT7OvpPo0VyzLMA\" target=\"_blank\" rel=\"noreferrer noopener\">Marc Yann<\/a><br><br><strong><em>Cr\u00e9ditos Fotos: Lehandross (@lehandross)<\/em><\/strong><\/p>\n\n\n\n<figure class=\"wp-block-gallery has-nested-images columns-1 is-cropped wp-block-gallery-1 is-layout-flex wp-block-gallery-is-layout-flex\">\n<figure class=\"wp-block-image size-large\"><img decoding=\"async\" data-id=\"58305\" src=\"https:\/\/celebs.com.br\/wp-content\/uploads\/2024\/10\/marcyann8-683x1024.jpg\" alt=\"\" class=\"wp-image-58305\"\/><\/figure>\n\n\n\n<figure class=\"wp-block-image size-large\"><img decoding=\"async\" data-id=\"58302\" src=\"https:\/\/celebs.com.br\/wp-content\/uploads\/2024\/10\/marcyann7-683x1024.jpg\" alt=\"\" class=\"wp-image-58302\"\/><\/figure>\n\n\n\n<figure class=\"wp-block-image size-large\"><img decoding=\"async\" data-id=\"58301\" src=\"https:\/\/celebs.com.br\/wp-content\/uploads\/2024\/10\/marcyann5-683x1024.jpg\" alt=\"\" class=\"wp-image-58301\"\/><\/figure>\n<\/figure>\n\n\n\n<p><\/p>\n\n\n\n<p>Autor: J\u00falia Diniz \/ DD Assessoria<\/p>\n<input type=\"hidden\" id=\"baseurl\" value=\"https:\/\/noticiasdestaque.com.br\"><input type=\"hidden\" id=\"audio_nonce\" value=\"581f3017e1\">","protected":false},"excerpt":{"rendered":"<p>Somando muitos plays nas plataformas de streaming, o multiartista&nbsp;Marc Yann&nbsp;comemora o sucesso do novo som &#8220;Profano&#8220;, lan\u00e7ado recentemente e j\u00e1 dispon\u00edvel em todas as plataformas digitais. O trabalho \u00e9 o primeiro single do futuro \u00e1lbum do cantor, &#8220;A Noite Mais Sombria&#8220;, previsto para ser estreado ainda nos pr\u00f3ximos meses.&nbsp; \u201cProfano\u201d chega para questionar os pr\u00f3prios [&hellip;]<\/p>\n","protected":false},"author":1,"featured_media":39590,"comment_status":"open","ping_status":"open","sticky":false,"template":"","format":"standard","meta":{"fifu_image_url":"","fifu_image_alt":"","footnotes":""},"categories":[62],"tags":[],"class_list":["post-39589","post","type-post","status-publish","format-standard","has-post-thumbnail","hentry","category-musica"],"distributor_meta":false,"distributor_terms":false,"distributor_media":false,"distributor_original_site_name":"Portal de Recupera\u00e7\u00e3o","distributor_original_site_url":"https:\/\/portalderecuperacao.com","push-errors":false,"_links":{"self":[{"href":"https:\/\/noticiasdestaque.com.br\/index.php\/wp-json\/wp\/v2\/posts\/39589","targetHints":{"allow":["GET"]}}],"collection":[{"href":"https:\/\/noticiasdestaque.com.br\/index.php\/wp-json\/wp\/v2\/posts"}],"about":[{"href":"https:\/\/noticiasdestaque.com.br\/index.php\/wp-json\/wp\/v2\/types\/post"}],"author":[{"embeddable":true,"href":"https:\/\/noticiasdestaque.com.br\/index.php\/wp-json\/wp\/v2\/users\/1"}],"replies":[{"embeddable":true,"href":"https:\/\/noticiasdestaque.com.br\/index.php\/wp-json\/wp\/v2\/comments?post=39589"}],"version-history":[{"count":0,"href":"https:\/\/noticiasdestaque.com.br\/index.php\/wp-json\/wp\/v2\/posts\/39589\/revisions"}],"wp:featuredmedia":[{"embeddable":true,"href":"https:\/\/noticiasdestaque.com.br\/index.php\/wp-json\/wp\/v2\/media\/39590"}],"wp:attachment":[{"href":"https:\/\/noticiasdestaque.com.br\/index.php\/wp-json\/wp\/v2\/media?parent=39589"}],"wp:term":[{"taxonomy":"category","embeddable":true,"href":"https:\/\/noticiasdestaque.com.br\/index.php\/wp-json\/wp\/v2\/categories?post=39589"},{"taxonomy":"post_tag","embeddable":true,"href":"https:\/\/noticiasdestaque.com.br\/index.php\/wp-json\/wp\/v2\/tags?post=39589"}],"curies":[{"name":"wp","href":"https:\/\/api.w.org\/{rel}","templated":true}]}}