{"id":39573,"date":"2024-10-26T14:00:00","date_gmt":"2024-10-26T17:00:00","guid":{"rendered":"https:\/\/noticiasdestaque.com.br\/index.php\/2024\/10\/26\/eleicoes-2024-quem-nao-votou-no-primeiro-turno-pode-votar-no-segundo\/"},"modified":"2024-10-26T14:00:00","modified_gmt":"2024-10-26T17:00:00","slug":"eleicoes-2024-quem-nao-votou-no-primeiro-turno-pode-votar-no-segundo","status":"publish","type":"post","link":"https:\/\/noticiasdestaque.com.br\/index.php\/2024\/10\/26\/eleicoes-2024-quem-nao-votou-no-primeiro-turno-pode-votar-no-segundo\/","title":{"rendered":"Elei\u00e7\u00f5es 2024: quem n\u00e3o votou no primeiro turno pode votar no segundo?"},"content":{"rendered":"<p>\t\t\t\t\t\t\t\t\t\t<audio controls class=\"b61_audio_player\" data-noticia=\"78214\" src=\"https:\/\/brasil61.com\/rails\/active_storage\/blobs\/eyJfcmFpbHMiOnsibWVzc2FnZSI6IkJBaHBBL2NMQXc9PSIsImV4cCI6bnVsbCwicHVyIjoiYmxvYl9pZCJ9fQ==--1429f7145ee0ea2d22d0474a655b638a4e357ed0\/BRAS2412895A\"><\/audio><\/p>\n<p>Eleitores de 51 munic\u00edpios brasileiros voltam \u00e0s urnas neste domingo (27) para escolher, em segundo turno, seus novos prefeitos e vice-prefeitos. A estimativa do Superior Tribunal Eleitoral \u00e9 de que cerca de 33,9 milh\u00f5es de cidad\u00e3os estejam aptos a votar neste dia.\u00a0<\/p>\n<p>No primeiro turno, a absten\u00e7\u00e3o chegou a 21,71% do eleitorado. Diante disso, pode surgir uma pergunta: quem n\u00e3o votou no primeiro turno pode votar no segundo turno das elei\u00e7\u00f5es?\u00a0<\/p>\n<p><a href=\"https:\/\/brasil61.com\/n\/eleicoes-2024-quase-34-milhoes-de-eleitores-votam-em-2-turno-para-eleger-prefeitos-em-51-cidades-bras2412870\" target=\"_blank\" rel=\"noopener\">Elei\u00e7\u00f5es 2024: quase 34 milh\u00f5es de eleitores votam em 2\u00b0 turno para eleger prefeitos em 51 cidades<\/a><\/p>\n<p>A Justi\u00e7a Eleitoral considera cada turno de vota\u00e7\u00e3o uma elei\u00e7\u00e3o independente, para efeito de comparecimento \u00e0s urnas. Nesse caso, mesmo que o eleitor n\u00e3o tenha ido votar no primeiro turno, ele n\u00e3o est\u00e1 impedido de exercer sua cidadania em uma eventual segunda rodada de vota\u00e7\u00e3o. \u00a0\u00a0<\/p>\n<h2>Como justificar a aus\u00eancia?\u00a0<\/h2>\n<p>Os eleitores que n\u00e3o votaram no dia 6 de outubro e nem puderam justificar a aus\u00eancia \u00e0s urnas, t\u00eam at\u00e9 o dia 5 de dezembro para apresentar a justificativa. \u00a0<\/p>\n<p>Essa medida pode ser tomada pelo aplicativo e-T\u00edtulo, pelo Sistema Justifica, assim como pelo Autoatendimento Eleitoral, dispon\u00edvel nos Portais da Justi\u00e7a Eleitoral. \u00a0 \u00a0\u00a0<\/p>\n<p>Com a solicita\u00e7\u00e3o, \u00e9 obrigat\u00f3rio anexar documentos que comprovem a impossibilidade do comparecimento \u00e0 zona eleitoral, como \u00e9 o caso de bilhetes de passagens, cart\u00f5es de embarque e atestados m\u00e9dicos, por exemplo.\u00a0<\/p>\n<p>Caso o cidad\u00e3o n\u00e3o tenha acesso \u00e0s ferramentas de justificativa online, dever\u00e1 comparecer a um cart\u00f3rio eleitoral ou \u00e0 Central de Atendimento ao Eleitor do\u00a0respectivo estado para apresentar o requerimento de forma presencial, munidos dos documentos mencionados anteriormente. \u00a0<\/p>\n<p>\t\t\t\t\t\t\t\t\t<img loading=\"lazy\" decoding=\"async\" src=\"https:\/\/brasil61.com\/api\/v1\/serve_pixel\/17677\/78214\" alt=\"Pixel Brasil 61\" class=\"b61_pixel\" width=\"0\" height=\"0\"><\/p>\n<input type=\"hidden\" id=\"baseurl\" value=\"https:\/\/noticiasdestaque.com.br\"><input type=\"hidden\" id=\"audio_nonce\" value=\"6a24ca502e\">","protected":false},"excerpt":{"rendered":"<p>No primeiro turno, a absten\u00e7\u00e3o chegou a 21,71% do eleitorado<\/p>\n","protected":false},"author":1,"featured_media":39574,"comment_status":"open","ping_status":"open","sticky":false,"template":"","format":"standard","meta":{"fifu_image_url":"","fifu_image_alt":"","footnotes":""},"categories":[50],"tags":[],"class_list":["post-39573","post","type-post","status-publish","format-standard","has-post-thumbnail","hentry","category-politica"],"distributor_meta":false,"distributor_terms":false,"distributor_media":false,"distributor_original_site_name":"Noticias em Destaque","distributor_original_site_url":"https:\/\/noticiasdestaque.com.br","push-errors":false,"_links":{"self":[{"href":"https:\/\/noticiasdestaque.com.br\/index.php\/wp-json\/wp\/v2\/posts\/39573","targetHints":{"allow":["GET"]}}],"collection":[{"href":"https:\/\/noticiasdestaque.com.br\/index.php\/wp-json\/wp\/v2\/posts"}],"about":[{"href":"https:\/\/noticiasdestaque.com.br\/index.php\/wp-json\/wp\/v2\/types\/post"}],"author":[{"embeddable":true,"href":"https:\/\/noticiasdestaque.com.br\/index.php\/wp-json\/wp\/v2\/users\/1"}],"replies":[{"embeddable":true,"href":"https:\/\/noticiasdestaque.com.br\/index.php\/wp-json\/wp\/v2\/comments?post=39573"}],"version-history":[{"count":0,"href":"https:\/\/noticiasdestaque.com.br\/index.php\/wp-json\/wp\/v2\/posts\/39573\/revisions"}],"wp:featuredmedia":[{"embeddable":true,"href":"https:\/\/noticiasdestaque.com.br\/index.php\/wp-json\/wp\/v2\/media\/39574"}],"wp:attachment":[{"href":"https:\/\/noticiasdestaque.com.br\/index.php\/wp-json\/wp\/v2\/media?parent=39573"}],"wp:term":[{"taxonomy":"category","embeddable":true,"href":"https:\/\/noticiasdestaque.com.br\/index.php\/wp-json\/wp\/v2\/categories?post=39573"},{"taxonomy":"post_tag","embeddable":true,"href":"https:\/\/noticiasdestaque.com.br\/index.php\/wp-json\/wp\/v2\/tags?post=39573"}],"curies":[{"name":"wp","href":"https:\/\/api.w.org\/{rel}","templated":true}]}}