{"id":39571,"date":"2024-10-28T02:00:00","date_gmt":"2024-10-28T05:00:00","guid":{"rendered":"https:\/\/noticiasdestaque.com.br\/index.php\/2024\/10\/28\/semana-no-congresso-relatorio-sobre-reforma-tributaria-e-emendas-parlamentares-voltam-a-ser-destaque\/"},"modified":"2024-10-28T02:00:00","modified_gmt":"2024-10-28T05:00:00","slug":"semana-no-congresso-relatorio-sobre-reforma-tributaria-e-emendas-parlamentares-voltam-a-ser-destaque","status":"publish","type":"post","link":"https:\/\/noticiasdestaque.com.br\/index.php\/2024\/10\/28\/semana-no-congresso-relatorio-sobre-reforma-tributaria-e-emendas-parlamentares-voltam-a-ser-destaque\/","title":{"rendered":"Semana no Congresso: relat\u00f3rio sobre reforma tribut\u00e1ria e emendas parlamentares voltam a ser destaque"},"content":{"rendered":"<p>\t\t\t\t\t\t\t\t\t\t<audio controls class=\"b61_audio_player\" data-noticia=\"78210\" src=\"https:\/\/brasil61.com\/rails\/active_storage\/blobs\/eyJfcmFpbHMiOnsibWVzc2FnZSI6IkJBaHBBd1lNQXc9PSIsImV4cCI6bnVsbCwicHVyIjoiYmxvYl9pZCJ9fQ==--e046539ea0147250d7bd878567f818fb8e652d59\/BRAS2412894A\"><\/audio><\/p>\n<p>Com o fim das elei\u00e7\u00f5es municipais, o Congresso Nacional volta a funcionar a pleno vapor esta semana. E a reforma tribut\u00e1ria est\u00e1 entre os assuntos. Na ter\u00e7a-feira (29), o grupo de trabalho criado para debater o primeiro texto de regulamenta\u00e7\u00e3o do novo sistema vai apresentar o relat\u00f3rio final das 21 audi\u00eancias p\u00fablicas feitas pelo GT, a partir das 10h, na Comiss\u00e3o de Assunto Econ\u00f4micos (CAE) do Senado.\u00a0<\/p>\n<p>Entre os principais temas debatidos nas sess\u00f5es, e com emendas previstas, est\u00e3o as exce\u00e7\u00f5es. Itens da cesta b\u00e1sica, isen\u00e7\u00e3o de al\u00edquotas para carros usados por pessoas com defici\u00eancia, al\u00e9m de medicamentos da Farm\u00e1cia Popular e redu\u00e7\u00e3o de tributos para a educa\u00e7\u00e3o est\u00e3o entre os principais pontos que devem receber tributa\u00e7\u00e3o especial, se as emendas forem acatadas.<\/p>\n<h2>Mais audi\u00eancias p\u00fablicas, agora na CCJ<\/h2>\n<p>Tamb\u00e9m na ter\u00e7a-feira (29) a \u00a0Comiss\u00e3o de Constitui\u00e7\u00e3o e Justi\u00e7a (CCJ) do Senado come\u00e7a a debater o texto. O ciclo de debates e audi\u00eancias p\u00fablicas est\u00e1 previsto at\u00e9 dia 14 de novembro. Mas as 11 audi\u00eancias previstas j\u00e1 vem causando pol\u00eamica entre os setores mais afetados pela reforma.\u00a0<\/p>\n<p>Uma das entidades mais atuantes no debate, a Confedera\u00e7\u00e3o das Associa\u00e7\u00f5es Comerciais e Empresariais do Brasil (CACB), que representa todos os estados brasileiros e mais de 2 milh\u00f5es de empresas, ficou de fora. Sem convite para os debates, o presidente da institui\u00e7\u00e3o, Alfredo Cotait Neto, se manifestou.<\/p>\n<p>\u201cA n\u00e3o inclus\u00e3o da CACB, leg\u00edtima representante dos micro e pequenos empreendedores e empresas, \u00e9 uma constata\u00e7\u00e3o que desqualifica esta audi\u00eancia p\u00fablica, pois est\u00e1 fazendo governo com governo. Onde est\u00e1 a sociedade civil organizada?\u201d, questionou Cotait.\u00a0<\/p>\n<h2>Emendas parlamentares<\/h2>\n<p>Outra vota\u00e7\u00e3o importante prevista para esta semana no Congresso \u00e9 a que trata das emendas parlamentares. Um acordo firmado na semana passada entre o Legislativo e o Supremo Tribunal Federal (STF) prev\u00ea a aprecia\u00e7\u00e3o do Projeto de Lei Complementar sobre esses repasses.\u00a0<\/p>\n<p>A negocia\u00e7\u00e3o sobre o assunto vem sendo feita desde agosto, quando o ministro Fl\u00e1vio Dino, do STF, determinou a suspens\u00e3o da execu\u00e7\u00e3o das emendas parlamentares de comiss\u00e3o e determinou a implanta\u00e7\u00e3o de novas medidas para esses repasses.\u00a0<\/p>\n<p>S\u00f3 depois da aprova\u00e7\u00e3o do projeto nas duas Casas \u00e9 que o relator Fl\u00e1vio Dino\u00a0deve avaliar a continuidade da execu\u00e7\u00e3o das emendas e submeter o tema ao plen\u00e1rio para avalia\u00e7\u00e3o dos outros ministros.<\/p>\n<p>\t\t\t\t\t\t\t\t\t<img loading=\"lazy\" decoding=\"async\" src=\"https:\/\/brasil61.com\/api\/v1\/serve_pixel\/17677\/78210\" alt=\"Pixel Brasil 61\" class=\"b61_pixel\" width=\"0\" height=\"0\"><\/p>\n<input type=\"hidden\" id=\"baseurl\" value=\"https:\/\/noticiasdestaque.com.br\"><input type=\"hidden\" id=\"audio_nonce\" value=\"6f73a554f1\">","protected":false},"excerpt":{"rendered":"<p>Com o fim das elei\u00e7\u00f5es municipais, parlamentares correm com assuntos mais importantes para serem debatidos esta semana <\/p>\n","protected":false},"author":1,"featured_media":39572,"comment_status":"open","ping_status":"open","sticky":false,"template":"","format":"standard","meta":{"fifu_image_url":"","fifu_image_alt":"","footnotes":""},"categories":[50],"tags":[],"class_list":["post-39571","post","type-post","status-publish","format-standard","has-post-thumbnail","hentry","category-politica"],"distributor_meta":false,"distributor_terms":false,"distributor_media":false,"distributor_original_site_name":"Noticias em Destaque","distributor_original_site_url":"https:\/\/noticiasdestaque.com.br","push-errors":false,"_links":{"self":[{"href":"https:\/\/noticiasdestaque.com.br\/index.php\/wp-json\/wp\/v2\/posts\/39571","targetHints":{"allow":["GET"]}}],"collection":[{"href":"https:\/\/noticiasdestaque.com.br\/index.php\/wp-json\/wp\/v2\/posts"}],"about":[{"href":"https:\/\/noticiasdestaque.com.br\/index.php\/wp-json\/wp\/v2\/types\/post"}],"author":[{"embeddable":true,"href":"https:\/\/noticiasdestaque.com.br\/index.php\/wp-json\/wp\/v2\/users\/1"}],"replies":[{"embeddable":true,"href":"https:\/\/noticiasdestaque.com.br\/index.php\/wp-json\/wp\/v2\/comments?post=39571"}],"version-history":[{"count":0,"href":"https:\/\/noticiasdestaque.com.br\/index.php\/wp-json\/wp\/v2\/posts\/39571\/revisions"}],"wp:featuredmedia":[{"embeddable":true,"href":"https:\/\/noticiasdestaque.com.br\/index.php\/wp-json\/wp\/v2\/media\/39572"}],"wp:attachment":[{"href":"https:\/\/noticiasdestaque.com.br\/index.php\/wp-json\/wp\/v2\/media?parent=39571"}],"wp:term":[{"taxonomy":"category","embeddable":true,"href":"https:\/\/noticiasdestaque.com.br\/index.php\/wp-json\/wp\/v2\/categories?post=39571"},{"taxonomy":"post_tag","embeddable":true,"href":"https:\/\/noticiasdestaque.com.br\/index.php\/wp-json\/wp\/v2\/tags?post=39571"}],"curies":[{"name":"wp","href":"https:\/\/api.w.org\/{rel}","templated":true}]}}