{"id":39559,"date":"2024-11-01T19:00:00","date_gmt":"2024-11-01T22:00:00","guid":{"rendered":"https:\/\/noticiasdestaque.com.br\/index.php\/2024\/11\/01\/previsao-do-tempo-sol-entre-nuvens-e-pancadas-de-chuva-marcam-o-sabado-2-no-sul\/"},"modified":"2024-11-01T19:00:00","modified_gmt":"2024-11-01T22:00:00","slug":"previsao-do-tempo-sol-entre-nuvens-e-pancadas-de-chuva-marcam-o-sabado-2-no-sul","status":"publish","type":"post","link":"https:\/\/noticiasdestaque.com.br\/index.php\/2024\/11\/01\/previsao-do-tempo-sol-entre-nuvens-e-pancadas-de-chuva-marcam-o-sabado-2-no-sul\/","title":{"rendered":"PREVIS\u00c3O DO TEMPO: Sol entre nuvens e pancadas de chuva marcam o s\u00e1bado (2) no Sul"},"content":{"rendered":"<p>\t\t\t\t\t\t\t\t\t\t<audio controls class=\"b61_audio_player\" data-noticia=\"78334\" src=\"https:\/\/brasil61.com\/rails\/active_storage\/blobs\/eyJfcmFpbHMiOnsibWVzc2FnZSI6IkJBaHBBL2dOQXc9PSIsImV4cCI6bnVsbCwicHVyIjoiYmxvYl9pZCJ9fQ==--8b930118c507fc455cd8f7b77d4ebf32b5cd9a69\/PTRS243751B\"><\/audio><\/p>\n<p>O feriado de Finados ser\u00e1 marcado por sol entre nuvens e pancadas de chuva em todos os estados da Regi\u00e3o Sul. \u00a0A previs\u00e3o, segundo o Instituto Nacional de Meteorologia, \u00e9 que os maiores volumes de chuva, que devem vir em forma de pancadas em \u00e1reas isoladas, caiam no interior da regi\u00e3o.\u00a0<\/p>\n<p>Em cidades como Pirap\u00f3 (RS), perto da fronteira com o Paraguai, h\u00e1 chance de chuva e trovoadas e o dia deve ser de muitas nuvens, com m\u00ednima prevista de 22\u00baC. A previs\u00e3o \u00e9 a mesma para as outras cidades da regi\u00e3o sul que fazem fronteira com o pa\u00eds.\u00a0<\/p>\n<p>Em Santa Catarina\u00a0a previs\u00e3o \u00e9 de chuva para a capital Florian\u00f3polis, com temperaturas variando entre 23\u00ba e 27\u00baC. J\u00e1 no Paran\u00e1, em Curitiba\u00a0faz friozinho e chove, m\u00ednima prevista de 14\u00baC.\u00a0<\/p>\n<p>As informa\u00e7\u00f5es s\u00e3o do Inmet<\/p>\n<p>\u00a0<\/p>\n<p>\t\t\t\t\t\t\t\t\t<img loading=\"lazy\" decoding=\"async\" src=\"https:\/\/brasil61.com\/api\/v1\/serve_pixel\/17677\/78334\" alt=\"Pixel Brasil 61\" class=\"b61_pixel\" width=\"0\" height=\"0\"><\/p>\n<input type=\"hidden\" id=\"baseurl\" value=\"https:\/\/noticiasdestaque.com.br\"><input type=\"hidden\" id=\"audio_nonce\" value=\"6f73a554f1\">","protected":false},"excerpt":{"rendered":"<p>Previs\u00e3o de maiores volumes no interior do continente. Mais pr\u00f3ximo do litoral, o sol tende a aparecer  <\/p>\n","protected":false},"author":1,"featured_media":39560,"comment_status":"open","ping_status":"open","sticky":false,"template":"","format":"standard","meta":{"fifu_image_url":"","fifu_image_alt":"","footnotes":""},"categories":[58],"tags":[],"class_list":["post-39559","post","type-post","status-publish","format-standard","has-post-thumbnail","hentry","category-cotidiano"],"distributor_meta":false,"distributor_terms":false,"distributor_media":false,"distributor_original_site_name":"Noticias em Destaque","distributor_original_site_url":"https:\/\/noticiasdestaque.com.br","push-errors":false,"_links":{"self":[{"href":"https:\/\/noticiasdestaque.com.br\/index.php\/wp-json\/wp\/v2\/posts\/39559","targetHints":{"allow":["GET"]}}],"collection":[{"href":"https:\/\/noticiasdestaque.com.br\/index.php\/wp-json\/wp\/v2\/posts"}],"about":[{"href":"https:\/\/noticiasdestaque.com.br\/index.php\/wp-json\/wp\/v2\/types\/post"}],"author":[{"embeddable":true,"href":"https:\/\/noticiasdestaque.com.br\/index.php\/wp-json\/wp\/v2\/users\/1"}],"replies":[{"embeddable":true,"href":"https:\/\/noticiasdestaque.com.br\/index.php\/wp-json\/wp\/v2\/comments?post=39559"}],"version-history":[{"count":0,"href":"https:\/\/noticiasdestaque.com.br\/index.php\/wp-json\/wp\/v2\/posts\/39559\/revisions"}],"wp:featuredmedia":[{"embeddable":true,"href":"https:\/\/noticiasdestaque.com.br\/index.php\/wp-json\/wp\/v2\/media\/39560"}],"wp:attachment":[{"href":"https:\/\/noticiasdestaque.com.br\/index.php\/wp-json\/wp\/v2\/media?parent=39559"}],"wp:term":[{"taxonomy":"category","embeddable":true,"href":"https:\/\/noticiasdestaque.com.br\/index.php\/wp-json\/wp\/v2\/categories?post=39559"},{"taxonomy":"post_tag","embeddable":true,"href":"https:\/\/noticiasdestaque.com.br\/index.php\/wp-json\/wp\/v2\/tags?post=39559"}],"curies":[{"name":"wp","href":"https:\/\/api.w.org\/{rel}","templated":true}]}}