{"id":39557,"date":"2024-11-01T18:00:00","date_gmt":"2024-11-01T21:00:00","guid":{"rendered":"https:\/\/noticiasdestaque.com.br\/index.php\/2024\/11\/01\/previsao-do-tempo-sabado-de-sol-para-o-rio-de-janeiro-em-sp-mg-e-es-predominio-de-chuva\/"},"modified":"2024-11-01T18:00:00","modified_gmt":"2024-11-01T21:00:00","slug":"previsao-do-tempo-sabado-de-sol-para-o-rio-de-janeiro-em-sp-mg-e-es-predominio-de-chuva","status":"publish","type":"post","link":"https:\/\/noticiasdestaque.com.br\/index.php\/2024\/11\/01\/previsao-do-tempo-sabado-de-sol-para-o-rio-de-janeiro-em-sp-mg-e-es-predominio-de-chuva\/","title":{"rendered":"PREVIS\u00c3O DO TEMPO: S\u00e1bado de sol para o Rio de Janeiro. Em SP, MG e ES, predom\u00ednio de chuva"},"content":{"rendered":"<p>\t\t\t\t\t\t\t\t\t\t<audio controls class=\"b61_audio_player\" data-noticia=\"78333\" src=\"https:\/\/brasil61.com\/rails\/active_storage\/blobs\/eyJfcmFpbHMiOnsibWVzc2FnZSI6IkJBaHBBL2tOQXc9PSIsImV4cCI6bnVsbCwicHVyIjoiYmxvYl9pZCJ9fQ==--1b9ec0589991d01ebd310f5376ff40f3b6c83008\/PTSD243869A\"><\/audio><\/p>\n<p>H\u00e1 alerta de chuvas intensas e de acumulado de chuva neste s\u00e1bado (2) para o norte do Esp\u00edrito Santo. O aumento do volume esperado come\u00e7a a partir da capital, Vit\u00f3ria, onde n\u00e3o deve chover e faz calor, com m\u00e1xima de 32\u00baC. J\u00e1 em cidades ao norte, como Pinheiros e Mucurici \u2014 perto da divisa com a Bahia \u2014 <strong>h\u00e1<\/strong> chance de chover at\u00e9 50 mm no dia, com ventos fortes e temperaturas mais amenas, em torno de 25\u00baC.<\/p>\n<p>Rio de Janeiro \u00e9 o \u00fanico estado do Sudeste onde h\u00e1 previs\u00e3o de sol, calor e tempo limpo neste s\u00e1bado A capital fluminense ter\u00e1 um feriado de tempo claro com temperatura m\u00e1xima prevista de 33\u00baC. O que vale tamb\u00e9m para o interior do estado.\u00a0<\/p>\n<p>No interior de S\u00e3o Paulo, pr\u00f3ximo ao Mato Grosso do Sul, a chance de chuva em volume consider\u00e1vel \u00e9 maior, mas \u00e0 medida que se aproxima do litoral, o volume diminui. Na capital o dia ser\u00e1 nublado e quente, com temperaturas at\u00e9 30\u00baC.\u00a0<\/p>\n<p>Em Minas Gerais a previs\u00e3o \u00e9 de chuva para todo o estado, com exce\u00e7\u00e3o do extremo sul mineiro e Zona da Mata, onde faz sol e calor. Juiz de Fora ter\u00e1 m\u00e1xima de 29\u00baC sem previs\u00e3o de chuva.\u00a0<\/p>\n<p>As informa\u00e7\u00f5es s\u00e3o do Inmet<\/p>\n<p>\n\u00a0<\/p>\n<p>\t\t\t\t\t\t\t\t\t<img loading=\"lazy\" decoding=\"async\" src=\"https:\/\/brasil61.com\/api\/v1\/serve_pixel\/17677\/78333\" alt=\"Pixel Brasil 61\" class=\"b61_pixel\" width=\"0\" height=\"0\"><\/p>\n<input type=\"hidden\" id=\"baseurl\" value=\"https:\/\/noticiasdestaque.com.br\"><input type=\"hidden\" id=\"audio_nonce\" value=\"6f73a554f1\">","protected":false},"excerpt":{"rendered":"<p>Esp\u00edrito Santo segue com alerta de chuvas intensas neste feriado de Finados <\/p>\n","protected":false},"author":1,"featured_media":39558,"comment_status":"open","ping_status":"open","sticky":false,"template":"","format":"standard","meta":{"fifu_image_url":"","fifu_image_alt":"","footnotes":""},"categories":[58],"tags":[],"class_list":["post-39557","post","type-post","status-publish","format-standard","has-post-thumbnail","hentry","category-cotidiano"],"distributor_meta":false,"distributor_terms":false,"distributor_media":false,"distributor_original_site_name":"Noticias em Destaque","distributor_original_site_url":"https:\/\/noticiasdestaque.com.br","push-errors":false,"_links":{"self":[{"href":"https:\/\/noticiasdestaque.com.br\/index.php\/wp-json\/wp\/v2\/posts\/39557","targetHints":{"allow":["GET"]}}],"collection":[{"href":"https:\/\/noticiasdestaque.com.br\/index.php\/wp-json\/wp\/v2\/posts"}],"about":[{"href":"https:\/\/noticiasdestaque.com.br\/index.php\/wp-json\/wp\/v2\/types\/post"}],"author":[{"embeddable":true,"href":"https:\/\/noticiasdestaque.com.br\/index.php\/wp-json\/wp\/v2\/users\/1"}],"replies":[{"embeddable":true,"href":"https:\/\/noticiasdestaque.com.br\/index.php\/wp-json\/wp\/v2\/comments?post=39557"}],"version-history":[{"count":0,"href":"https:\/\/noticiasdestaque.com.br\/index.php\/wp-json\/wp\/v2\/posts\/39557\/revisions"}],"wp:featuredmedia":[{"embeddable":true,"href":"https:\/\/noticiasdestaque.com.br\/index.php\/wp-json\/wp\/v2\/media\/39558"}],"wp:attachment":[{"href":"https:\/\/noticiasdestaque.com.br\/index.php\/wp-json\/wp\/v2\/media?parent=39557"}],"wp:term":[{"taxonomy":"category","embeddable":true,"href":"https:\/\/noticiasdestaque.com.br\/index.php\/wp-json\/wp\/v2\/categories?post=39557"},{"taxonomy":"post_tag","embeddable":true,"href":"https:\/\/noticiasdestaque.com.br\/index.php\/wp-json\/wp\/v2\/tags?post=39557"}],"curies":[{"name":"wp","href":"https:\/\/api.w.org\/{rel}","templated":true}]}}