{"id":39549,"date":"2024-10-31T18:00:00","date_gmt":"2024-10-31T21:00:00","guid":{"rendered":"https:\/\/noticiasdestaque.com.br\/index.php\/2024\/10\/31\/previsao-do-tempo-sudeste-deve-contar-com-chuvas-em-toda-a-regiao-nesta-sexta-feira-1\/"},"modified":"2024-10-31T18:00:00","modified_gmt":"2024-10-31T21:00:00","slug":"previsao-do-tempo-sudeste-deve-contar-com-chuvas-em-toda-a-regiao-nesta-sexta-feira-1","status":"publish","type":"post","link":"https:\/\/noticiasdestaque.com.br\/index.php\/2024\/10\/31\/previsao-do-tempo-sudeste-deve-contar-com-chuvas-em-toda-a-regiao-nesta-sexta-feira-1\/","title":{"rendered":"PREVIS\u00c3O DO TEMPO: Sudeste deve contar com chuvas em toda a regi\u00e3o, nesta sexta-feira (1\u00b0)"},"content":{"rendered":"<p>\t\t\t\t\t\t\t\t\t\t<audio controls class=\"b61_audio_player\" data-noticia=\"78308\" src=\"https:\/\/brasil61.com\/rails\/active_storage\/blobs\/eyJfcmFpbHMiOnsibWVzc2FnZSI6IkJBaHBBdzhOQXc9PSIsImV4cCI6bnVsbCwicHVyIjoiYmxvYl9pZCJ9fQ==--a9696ffcc680ead04e0de3038f558e541d67e8ff\/PTSD243868A\"><\/audio><\/p>\n<p>Todo o Sudeste brasileiro deve contar com chuvas, nesta sexta-feira (1\u00b0). Em Minas Gerais, por exemplo, est\u00e3o previstas muitas nuvens, pancadas de chuva e trovoadas isoladas, sobretudo nos munic\u00edpios mais ao norte do estado, como Verdel\u00e2ndia e Salinas.\u00a0<\/p>\n<p>A mesma condi\u00e7\u00e3o \u00e9 esperada em todo o Esp\u00edrito Santo, principalmente em cidades do sul capixaba, como Castelo e Itaperimim. J\u00e1 no Rio de Janeiro, a previs\u00e3o \u00e9 de muitas nuvens e pancadas de chuva, situa\u00e7\u00e3o que ser\u00e1 percebida no sul fluminense, como em Paraty e Resende.\u00a0<\/p>\n<p>Para S\u00e3o Paulo, a previs\u00e3o \u00e9 de muitas nuvens, com possibilidade de chuva isolada em quase todo o estado. Em Jo\u00e3o Ramalho e em Lut\u00e9cia s\u00e3o esperadas pancadas de chuva.<\/p>\n<p>Entre as capitais, a temperatura m\u00ednima prevista \u00e9 de 15\u00b0C, em S\u00e3o Paulo. J\u00e1 a m\u00e1xima pode chegar 31\u00b0C, no Rio de Janeiro. A umidade relativa do ar varia entre 40% e 95%.\u00a0<\/p>\n<p>As informa\u00e7\u00f5es s\u00e3o do Instituto Nacional de Meteorologia (INMET).<br \/>\n\u00a0<\/p>\n<p>\t\t\t\t\t\t\t\t\t<img loading=\"lazy\" decoding=\"async\" src=\"https:\/\/brasil61.com\/api\/v1\/serve_pixel\/17677\/78308\" alt=\"Pixel Brasil 61\" class=\"b61_pixel\" width=\"0\" height=\"0\"><\/p>\n<input type=\"hidden\" id=\"baseurl\" value=\"https:\/\/noticiasdestaque.com.br\"><input type=\"hidden\" id=\"audio_nonce\" value=\"6f73a554f1\">","protected":false},"excerpt":{"rendered":"<p>Em \u00e1reas de Minas Gerais, por exemplo, est\u00e3o previstas muitas nuvens, pancadas de chuva e trovoadas isoladas<\/p>\n","protected":false},"author":1,"featured_media":39550,"comment_status":"open","ping_status":"open","sticky":false,"template":"","format":"standard","meta":{"fifu_image_url":"","fifu_image_alt":"","footnotes":""},"categories":[58],"tags":[],"class_list":["post-39549","post","type-post","status-publish","format-standard","has-post-thumbnail","hentry","category-cotidiano"],"distributor_meta":false,"distributor_terms":false,"distributor_media":false,"distributor_original_site_name":"Noticias em Destaque","distributor_original_site_url":"https:\/\/noticiasdestaque.com.br","push-errors":false,"_links":{"self":[{"href":"https:\/\/noticiasdestaque.com.br\/index.php\/wp-json\/wp\/v2\/posts\/39549","targetHints":{"allow":["GET"]}}],"collection":[{"href":"https:\/\/noticiasdestaque.com.br\/index.php\/wp-json\/wp\/v2\/posts"}],"about":[{"href":"https:\/\/noticiasdestaque.com.br\/index.php\/wp-json\/wp\/v2\/types\/post"}],"author":[{"embeddable":true,"href":"https:\/\/noticiasdestaque.com.br\/index.php\/wp-json\/wp\/v2\/users\/1"}],"replies":[{"embeddable":true,"href":"https:\/\/noticiasdestaque.com.br\/index.php\/wp-json\/wp\/v2\/comments?post=39549"}],"version-history":[{"count":0,"href":"https:\/\/noticiasdestaque.com.br\/index.php\/wp-json\/wp\/v2\/posts\/39549\/revisions"}],"wp:featuredmedia":[{"embeddable":true,"href":"https:\/\/noticiasdestaque.com.br\/index.php\/wp-json\/wp\/v2\/media\/39550"}],"wp:attachment":[{"href":"https:\/\/noticiasdestaque.com.br\/index.php\/wp-json\/wp\/v2\/media?parent=39549"}],"wp:term":[{"taxonomy":"category","embeddable":true,"href":"https:\/\/noticiasdestaque.com.br\/index.php\/wp-json\/wp\/v2\/categories?post=39549"},{"taxonomy":"post_tag","embeddable":true,"href":"https:\/\/noticiasdestaque.com.br\/index.php\/wp-json\/wp\/v2\/tags?post=39549"}],"curies":[{"name":"wp","href":"https:\/\/api.w.org\/{rel}","templated":true}]}}