{"id":39535,"date":"2024-10-31T04:04:00","date_gmt":"2024-10-31T07:04:00","guid":{"rendered":"https:\/\/noticiasdestaque.com.br\/index.php\/2024\/10\/31\/reforma-tributaria-meio-ambiente-e-excecoes-sao-temas-da-primeira-audiencia-publica-na-ccj\/"},"modified":"2024-10-31T04:04:00","modified_gmt":"2024-10-31T07:04:00","slug":"reforma-tributaria-meio-ambiente-e-excecoes-sao-temas-da-primeira-audiencia-publica-na-ccj","status":"publish","type":"post","link":"https:\/\/noticiasdestaque.com.br\/index.php\/2024\/10\/31\/reforma-tributaria-meio-ambiente-e-excecoes-sao-temas-da-primeira-audiencia-publica-na-ccj\/","title":{"rendered":"Reforma Tribut\u00e1ria: meio ambiente e exce\u00e7\u00f5es s\u00e3o temas da primeira audi\u00eancia p\u00fablica na CCJ"},"content":{"rendered":"<p>\t\t\t\t\t\t\t\t\t\t<audio controls class=\"b61_audio_player\" data-noticia=\"78282\" src=\"https:\/\/brasil61.com\/rails\/active_storage\/blobs\/eyJfcmFpbHMiOnsibWVzc2FnZSI6IkJBaHBBOThNQXc9PSIsImV4cCI6bnVsbCwicHVyIjoiYmxvYl9pZCJ9fQ==--56b60657ee5ca98738d150c99063b1ad37501b50\/BRAS2412917A\"><\/audio><\/p>\n<p>A Comiss\u00e3o de Constitui\u00e7\u00e3o e Justi\u00e7a (CCJ)\u00a0 do Senado come\u00e7ou a s\u00e9rie de audi\u00eancias p\u00fablicas que vai debater o primeiro texto de regulamenta\u00e7\u00e3o da reforma tribut\u00e1ria. Entre os assuntos de maior relev\u00e2ncia no primeiro dia de debates, os ajustes sobre tributa\u00e7\u00e3o de produtos relacionados ao meio ambiente e, mais uma vez, cr\u00edticas ao grande n\u00famero de exce\u00e7\u00f5es previsto no texto.\u00a0<\/p>\n<p>Dessa vez, o autor da cr\u00edtica foi o diretor-executivo da Institui\u00e7\u00e3o Fiscal Independente (IFI) do Senado, Marcus Vin\u00edcius Caetano Pestana da Silva. Segundo ele, quanto mais exce\u00e7\u00f5es, maiores as dificuldades de fiscaliza\u00e7\u00e3o e transi\u00e7\u00e3o.\u00a0<\/p>\n<p>\u201cJ\u00e1 h\u00e1 estudos cient\u00edficos \u2014 como do IPEA e de tantos outros \u2014 mostrando que quanto maiores forem as exce\u00e7\u00f5es, menores os efeitos positivos sobre o PIB, a produtividade e o emprego\u201d.<\/p>\n<h2>Meio ambiente<\/h2>\n<p>Um dos convidados para o debate foi o secret\u00e1rio nacional de Meio Ambiente Urbano e Qualidade Ambiental do Minist\u00e9rio do Meio Ambiente e Mudan\u00e7as do Clima, Adalberto Felicio Maluf Filho, que sugeriu ajustes para aprimorar o texto, como a redu\u00e7\u00e3o da bitributa\u00e7\u00e3o nos produtos reciclados.<\/p>\n<p>Para Adalberto Maluf, fam\u00edlias de baixa renda\u00a0que trabalham com reciclagem\u00a0s\u00e3o as maiores beneficiadas pela simplifica\u00e7\u00e3o do sistema e a redu\u00e7\u00e3o nos tributos, al\u00e9m do est\u00edmulo \u00e0 prote\u00e7\u00e3o ambiental. O secret\u00e1rio ainda sugeriu que a tributa\u00e7\u00e3o para os agrot\u00f3xicos seja escalonada, variando de acordo com o grau de toxicidade do produto.<\/p>\n<h2>Trabalhos na CCJ<\/h2>\n<p>A previs\u00e3o \u00e9 de que as pr\u00f3ximas tr\u00eas semanas sejam de trabalho intenso na CCJ at\u00e9 que sejam conclu\u00eddas as 11 audi\u00eancias p\u00fablicas programadas e duas sess\u00f5es tem\u00e1ticas com prefeitos e governadores em plen\u00e1rio. A conclus\u00e3o do trabalho est\u00e1 prevista para 14 de novembro.\u00a0<br \/>\n\u00a0<\/p>\n<p>\t\t\t\t\t\t\t\t\t<img loading=\"lazy\" decoding=\"async\" src=\"https:\/\/brasil61.com\/api\/v1\/serve_pixel\/17677\/78282\" alt=\"Pixel Brasil 61\" class=\"b61_pixel\" width=\"0\" height=\"0\"><\/p>\n<input type=\"hidden\" id=\"baseurl\" value=\"https:\/\/noticiasdestaque.com.br\"><input type=\"hidden\" id=\"audio_nonce\" value=\"6f73a554f1\">","protected":false},"excerpt":{"rendered":"<p>At\u00e9 14 de novembro, ser\u00e3o 11 audi\u00eancias publicas e 2 sess\u00f5es tem\u00e1ticas <\/p>\n","protected":false},"author":1,"featured_media":39536,"comment_status":"open","ping_status":"open","sticky":false,"template":"","format":"standard","meta":{"fifu_image_url":"","fifu_image_alt":"","footnotes":""},"categories":[59],"tags":[],"class_list":["post-39535","post","type-post","status-publish","format-standard","has-post-thumbnail","hentry","category-economia"],"distributor_meta":false,"distributor_terms":false,"distributor_media":false,"distributor_original_site_name":"Noticias em Destaque","distributor_original_site_url":"https:\/\/noticiasdestaque.com.br","push-errors":false,"_links":{"self":[{"href":"https:\/\/noticiasdestaque.com.br\/index.php\/wp-json\/wp\/v2\/posts\/39535","targetHints":{"allow":["GET"]}}],"collection":[{"href":"https:\/\/noticiasdestaque.com.br\/index.php\/wp-json\/wp\/v2\/posts"}],"about":[{"href":"https:\/\/noticiasdestaque.com.br\/index.php\/wp-json\/wp\/v2\/types\/post"}],"author":[{"embeddable":true,"href":"https:\/\/noticiasdestaque.com.br\/index.php\/wp-json\/wp\/v2\/users\/1"}],"replies":[{"embeddable":true,"href":"https:\/\/noticiasdestaque.com.br\/index.php\/wp-json\/wp\/v2\/comments?post=39535"}],"version-history":[{"count":0,"href":"https:\/\/noticiasdestaque.com.br\/index.php\/wp-json\/wp\/v2\/posts\/39535\/revisions"}],"wp:featuredmedia":[{"embeddable":true,"href":"https:\/\/noticiasdestaque.com.br\/index.php\/wp-json\/wp\/v2\/media\/39536"}],"wp:attachment":[{"href":"https:\/\/noticiasdestaque.com.br\/index.php\/wp-json\/wp\/v2\/media?parent=39535"}],"wp:term":[{"taxonomy":"category","embeddable":true,"href":"https:\/\/noticiasdestaque.com.br\/index.php\/wp-json\/wp\/v2\/categories?post=39535"},{"taxonomy":"post_tag","embeddable":true,"href":"https:\/\/noticiasdestaque.com.br\/index.php\/wp-json\/wp\/v2\/tags?post=39535"}],"curies":[{"name":"wp","href":"https:\/\/api.w.org\/{rel}","templated":true}]}}